
{"id":1328,"date":"2021-12-14T21:33:34","date_gmt":"2021-12-14T21:33:34","guid":{"rendered":"https:\/\/posgrado.uwiener.edu.pe\/actividades\/?p=1328"},"modified":"2023-04-10T20:42:40","modified_gmt":"2023-04-11T01:42:40","slug":"escuela-de-posgrado-de-la-norbert-wiener-realizo-foro-internacional-de-psicooncologia-iberoamericana","status":"publish","type":"post","link":"https:\/\/posgrado.uwiener.edu.pe\/actividades\/noticias\/salud\/escuela-de-posgrado-de-la-norbert-wiener-realizo-foro-internacional-de-psicooncologia-iberoamericana\/","title":{"rendered":"ESCUELA DE POSGRADO DE LA NORBERT WIENER  REALIZ\u00d3 FORO INTERNACIONAL DE PSICOONCOLOG\u00cdA IBEROAMERICANA"},"content":{"rendered":"\n<p>La Escuela de Posgrado de la Universidad Norbert Wiener organiz\u00f3 el Primer Foro de Psicooncolog\u00eda Iberoamericana en el que profesionales de Chile, Espa\u00f1a, M\u00e9xico, Argentina y Per\u00fa hablaron de la importancia de empezar a visibilizar un tratamiento oncol\u00f3gico integral para los pacientes que sufren de c\u00e1ncer.<\/p>\n\n\n\n<p>Las magistrales exposiciones estuvieron a cargo de la psic\u00f3loga Andrea Ortiz de Chile, el magister Juan Manuel Salda\u00f1a de Espa\u00f1a, el doctor Charles da Silva Rodrigues de M\u00e9xico, y las psic\u00f3logas Ester Daniel y Lena Reingold, ambas de Argentina.<\/p>\n\n\n\n<p>Andrea Ortiz, psic\u00f3loga de la Universidad Diego Portales, Master en Cuidados Paliativos y especialista en Psicooncolog\u00eda ofreci\u00f3 la conferencia \u201cSexualidad en el paciente con c\u00e1ncer: vivencias, mitos y realidades\u201d; mientras que el magister Juan Manuel Salda\u00f1a, especialista en Psicopatolog\u00eda y Salud, y en Neuropsicolog\u00eda, trat\u00f3 el tema \u201cIntervenci\u00f3n terap\u00e9utica en pacientes con c\u00e1ncer\u201d.<\/p>\n\n\n\n<p>A su turno, el doctor Charles da Silva Rodrigues, investigador del Sistema Nacional de Investigadores de CONACYT, dict\u00f3 la ponencia \u201cNeuropsicolog\u00eda de la enfermedad oncol\u00f3gica\u201d. En tanto, las psic\u00f3logas Ester Daniel, miembro del Comit\u00e9 de Docencia e Investigaci\u00f3n de la Asociaci\u00f3n M\u00e9dica Argentina, y Lena Reingold, coordinadora acad\u00e9mica del Diplomado de Psicooncolog\u00eda en la Universidad del Chubut, hablaron sobre \u201cCuidados paliativos psicol\u00f3gicos y duelo\u201d.<\/p>\n\n\n\n<p>Adem\u00e1s de las conferencias se realiz\u00f3 la mesa institucional \u201cM\u00e1s all\u00e1 del lenguaje b\u00e9lico en oncolog\u00eda y cuidados paliativos\u201d en el que participaron Daniela Rojas, directora ejecutiva de la Corporaci\u00f3n C\u00e1ncer de Mama Chile Yo Mujer; Wanda Gisbert, m\u00e9dico geriatra y geront\u00f3loga comunitaria institucional, de Argentina; y la psic\u00f3loga Lena Reingold.<\/p>\n\n\n\n<p>Integr\u00f3 tambi\u00e9n la mesa institucional nuestra docente Marilyn Toledo, psic\u00f3loga, psicoterapeuta, especialista y formadora en Psicooncolog\u00eda y cuidados paliativos psicol\u00f3gicos, quien tambi\u00e9n ofici\u00f3 de moderadora.<\/p>\n\n\n\n<p>La inauguraci\u00f3n del Primer Foro Internacional estuvo a cargo de la doctora Claudia Arispe, coordinadora de los Programas de Salud de la Escuela de Posgrado de la Universidad Norbert Wiener, y la clausura del director, Guillermo Raffo, quien habl\u00f3 de la importancia de formar bien a los profesionales de salud a fin de que puedan brindar un servicio de calidad a los pacientes.<\/p>\n","protected":false},"excerpt":{"rendered":"<p>La Escuela de Posgrado de la Universidad Norbert Wiener organiz\u00f3 el Primer Foro de Psicooncolog\u00eda Iberoamericana en el que profesionales de Chile, Espa\u00f1a, M\u00e9xico, Argentina y Per\u00fa hablaron de la importancia de empezar a visibilizar un tratamiento oncol\u00f3gico integral para los pacientes que sufren de c\u00e1ncer. Las magistrales exposiciones estuvieron a cargo de la psic\u00f3loga [&hellip;]<\/p>\n","protected":false},"author":4,"featured_media":1329,"comment_status":"open","ping_status":"open","sticky":false,"template":"","format":"standard","meta":{"footnotes":""},"categories":[2],"tags":[],"class_list":["post-1328","post","type-post","status-publish","format-standard","has-post-thumbnail","hentry","category-salud"],"custom_fields_data":{"inline_featured_image":["0"],"hcf_post_fecha":[""],"hcf_post_timeI":[""],"hcf_post_timeF":[""],"hcf_post_lugar":[""],"hcf_post_ingreso":[""],"hcf_post_recomendados":[""],"hcf_post_anexos":[""],"hcf_post_email":[""],"hcf_post_url_face":[""],"hcf_fecha_blog":["2021-12-14"],"hcf_destacado_blog":["on"],"hcf_imagenes":["[{\"image\":\"https:\/\/posgrado.uwiener.edu.pe\/actividades\/wp-content\/uploads\/2021\/12\/GRUPO.jpg\",\"leyenda\":\"Profesionales de Chile, Espa\u00f1a, M\u00e9xico, Argentina y Per\u00fa participaron en el I Foro de Psicooncolog\u00eda Iberoamericana.\"},{\"image\":\"https:\/\/posgrado.uwiener.edu.pe\/actividades\/wp-content\/uploads\/2021\/12\/Andrea-Ppt-1.jpg\",\"leyenda\":\"Andrea Ortiz, especialista en Psicooncolog\u00eda, ofreci\u00f3 la conferencia \u201cSexualidad en el paciente con c\u00e1ncer: vivencias, mitos y realidades\u201d.\"},{\"image\":\"https:\/\/posgrado.uwiener.edu.pe\/actividades\/wp-content\/uploads\/2021\/12\/Juan-Salda\u00f1a-PPT.jpg\",\"leyenda\":\"\u201cIntervenci\u00f3n terap\u00e9utica en pacientes con c\u00e1ncer\u201d fue el tema expuesto por el Mg. Juan Manuel Salda\u00f1a.\"},{\"image\":\"https:\/\/posgrado.uwiener.edu.pe\/actividades\/wp-content\/uploads\/2021\/12\/Charles-Da-Silva.jpg\",\"leyenda\":\"Charles da Silva, investigador del Sistema Nacional de Investigadores de CONACYT, dict\u00f3 la ponencia \u201cNeuropsicolog\u00eda de la enfermedad oncol\u00f3gica\u201d.  \"},{\"image\":\"https:\/\/posgrado.uwiener.edu.pe\/actividades\/wp-content\/uploads\/2021\/12\/Ester-Ppt-1.jpg\",\"leyenda\":\"Ester Daniel, miembro del Comit\u00e9 de Docencia e Investigaci\u00f3n de la Asociaci\u00f3n M\u00e9dica Argentina.\"},{\"image\":\"https:\/\/posgrado.uwiener.edu.pe\/actividades\/wp-content\/uploads\/2021\/12\/Lena.jpg\",\"leyenda\":\"Lena Reingold, coordinadora acad\u00e9mica del Diplomado de Psicooncolog\u00eda en la Universidad del Chubut, Argentina.\"},{\"image\":\"https:\/\/posgrado.uwiener.edu.pe\/actividades\/wp-content\/uploads\/2021\/12\/Daniela-Rojas-ppt-1.jpg\",\"leyenda\":\"Daniela Rojas, directora ejecutiva de la Corporaci\u00f3n C\u00e1ncer de Mama Chile Yo Mujer.\"},{\"image\":\"https:\/\/posgrado.uwiener.edu.pe\/actividades\/wp-content\/uploads\/2021\/12\/Wanda.jpg\",\"leyenda\":\"De Argentina, Wanda Gisbert, m\u00e9dico geriatra y geront\u00f3loga comunitaria institucional. \"}]"],"hcf_thumb_500":[""],"hcf_thumb_1600":[""],"hcf_destacada":[""],"_edit_lock":["1681177361:4"],"_thumbnail_id":["1329"],"_edit_last":["4"],"_field_new_1":[""],"_field_new_2":[""],"_field_new_3":[""],"_field_new_4":[""],"_field_new_5":[""],"_field_new_6":[""],"_field_new_7":[""],"_field_new_8":[""],"_field_new_9":[""],"_field_new_10":[""],"rank_math_internal_links_processed":["1"]},"_links":{"self":[{"href":"https:\/\/posgrado.uwiener.edu.pe\/actividades\/wp-json\/wp\/v2\/posts\/1328"}],"collection":[{"href":"https:\/\/posgrado.uwiener.edu.pe\/actividades\/wp-json\/wp\/v2\/posts"}],"about":[{"href":"https:\/\/posgrado.uwiener.edu.pe\/actividades\/wp-json\/wp\/v2\/types\/post"}],"author":[{"embeddable":true,"href":"https:\/\/posgrado.uwiener.edu.pe\/actividades\/wp-json\/wp\/v2\/users\/4"}],"replies":[{"embeddable":true,"href":"https:\/\/posgrado.uwiener.edu.pe\/actividades\/wp-json\/wp\/v2\/comments?post=1328"}],"version-history":[{"count":1,"href":"https:\/\/posgrado.uwiener.edu.pe\/actividades\/wp-json\/wp\/v2\/posts\/1328\/revisions"}],"predecessor-version":[{"id":1338,"href":"https:\/\/posgrado.uwiener.edu.pe\/actividades\/wp-json\/wp\/v2\/posts\/1328\/revisions\/1338"}],"wp:featuredmedia":[{"embeddable":true,"href":"https:\/\/posgrado.uwiener.edu.pe\/actividades\/wp-json\/wp\/v2\/media\/1329"}],"wp:attachment":[{"href":"https:\/\/posgrado.uwiener.edu.pe\/actividades\/wp-json\/wp\/v2\/media?parent=1328"}],"wp:term":[{"taxonomy":"category","embeddable":true,"href":"https:\/\/posgrado.uwiener.edu.pe\/actividades\/wp-json\/wp\/v2\/categories?post=1328"},{"taxonomy":"post_tag","embeddable":true,"href":"https:\/\/posgrado.uwiener.edu.pe\/actividades\/wp-json\/wp\/v2\/tags?post=1328"}],"curies":[{"name":"wp","href":"https:\/\/api.w.org\/{rel}","templated":true}]}}