
{"id":1540,"date":"2022-01-22T00:55:22","date_gmt":"2022-01-22T00:55:22","guid":{"rendered":"https:\/\/posgrado.uwiener.edu.pe\/actividades\/?p=1540"},"modified":"2023-04-10T20:41:48","modified_gmt":"2023-04-11T01:41:48","slug":"epidemiologo-de-la-escuela-de-posgrado-ofrecio-conferencia-virtual-sobre-la-variante-omicron","status":"publish","type":"post","link":"https:\/\/posgrado.uwiener.edu.pe\/actividades\/noticias\/salud\/epidemiologo-de-la-escuela-de-posgrado-ofrecio-conferencia-virtual-sobre-la-variante-omicron\/","title":{"rendered":"EPIDEMI\u00d3LOGO DE LA ESCUELA DE POSGRADO OFRECI\u00d3 CONFERENCIA VIRTUAL SOBRE LA VARIANTE \u00d3MICRON"},"content":{"rendered":"\n<p>\u201cCOVID-19: La tercera ola, nuevas cepas y desaf\u00edos\u201d fue el t\u00edtulo del <em>webinar<\/em> que dict\u00f3 el doctor Manuel Loayza Alarico, exdirector general del Centro de Epidemiolog\u00eda, Prevenci\u00f3n y Control de Enfermedades del Ministerio de Salud (Minsa) y docente de la Escuela de Posgrado de la Universidad Norbert Wiener.<\/p>\n\n\n\n<p>Su valiosa intervenci\u00f3n se realiz\u00f3 a trav\u00e9s de la p\u00e1gina de Facebook de la Escuela de Posgrado como parte de la apertura del ciclo de conferencias que ofrecer\u00e1 el programa de Maestr\u00eda en Gesti\u00f3n en Salud durante el presente a\u00f1o, con el fin de complementar los conocimientos de sus estudiantes y mantenerlos actualizados.<\/p>\n\n\n\n<p>El doctor Manuel Loayza, quien es m\u00e9dico epidemi\u00f3logo, inici\u00f3 su exposici\u00f3n explicando el impacto de la COVID-19 en el mundo. \u201cTiene que ver con dos aspectos importantes que es la transmisibilidad y la gravedad de la enfermedad. La transmisibilidad es la forma como el virus tiene la capacidad de seguir transmiti\u00e9ndose de persona a persona, y la gravedad con la inmunidad de las personas\u201d, explic\u00f3.<\/p>\n\n\n\n<p>El doctor Loayza preciso que la COVID-19, enfermedad causada por el nuevo coronavirus (SARS-CoV-2), es una afecci\u00f3n viral que no se trata con antibi\u00f3ticos sino que la recuperaci\u00f3n depende de la respuesta inmune de cada paciente.<\/p>\n\n\n\n<p>El especialista tambi\u00e9n inform\u00f3 que en la tercera ola el n\u00famero de personas fallecidas no es tan alto debido al poder de la campa\u00f1a de vacunaci\u00f3n. \u201cLa vacuna lo que hace es proteger contra la severidad de la enfermedad, no evita que te enfermes, pero ayuda a que el cuerpo tenga una respuesta m\u00e1s r\u00e1pida, logrando recuperarse en corto tiempo\u201d, indic\u00f3.<\/p>\n\n\n\n<p>Sin embargo, advirti\u00f3 que hay personas que teniendo la vacuna se pueden enfermar y morir, porque tienen otros factores de riesgo como obesidad, diabetes, hipertensi\u00f3n, raz\u00f3n por la cual recomend\u00f3 a los pacientes con comorbilidad seguir con sus tratamientos a pesar de estar vacunados.<\/p>\n\n\n\n<p>\u201cLo que queda en los pr\u00f3ximos meses es completar la vacunaci\u00f3n con la tercera dosis de refuerzo y continuar con las medidas de prevenci\u00f3n. Sigamos usando doble mascarilla. Ahora en verano las personas sudan mucho y las mascarillas se mojan, as\u00ed que hay que cambiarlas a diario porque pierde su capacidad de protecci\u00f3n. Evitar los aforos, continuar con el lavado de manos y el uso de alcohol\u201d.<\/p>\n\n\n\n<p>En caso de que haya una persona enferma en casa, el doctor Manuel Loayza recomend\u00f3 aislarla y seguir con todos los protocolos recomendados. \u201cSi un miembro de la familia ha contra\u00eddo el virus, es muy probable que el resto de personas que viven con ella, y con la misma sintomatolog\u00eda, tambi\u00e9n tenga la enfermedad\u201d, afirm\u00f3.<\/p>\n\n\n\n<p>Asimismo, sugiri\u00f3 hacerse la prueba despu\u00e9s de cinco d\u00edas de haber presentado los s\u00edntomas. \u201cLa positividad no es inmediata, por eso es aconsejable realizarse la prueba de descarte entre el cuarto o el quinto d\u00eda de sintomatolog\u00eda para detectar si tienen o no el virus. Adem\u00e1s, recordemos que ahorita tenemos brotes de influenza que ha ingresado con fuerza y puede haber combinaci\u00f3n de&nbsp; ambas enfermedades\u201d, manifest\u00f3.<\/p>\n\n\n\n<p>Puedes ver el webinar en el siguiente enlace: <a rel=\"noreferrer noopener\" href=\"https:\/\/bit.ly\/3L8BGrp\" target=\"_blank\">https:\/\/bit.ly\/3L8BGrp<\/a><\/p>\n\n\n\n<p><\/p>\n","protected":false},"excerpt":{"rendered":"<p>\u201cCOVID-19: La tercera ola, nuevas cepas y desaf\u00edos\u201d fue el t\u00edtulo del webinar que dict\u00f3 el doctor Manuel Loayza Alarico, exdirector general del Centro de Epidemiolog\u00eda, Prevenci\u00f3n y Control de Enfermedades del Ministerio de Salud (Minsa) y docente de la Escuela de Posgrado de la Universidad Norbert Wiener. Su valiosa intervenci\u00f3n se realiz\u00f3 a trav\u00e9s [&hellip;]<\/p>\n","protected":false},"author":4,"featured_media":1544,"comment_status":"open","ping_status":"open","sticky":false,"template":"","format":"standard","meta":{"footnotes":""},"categories":[2],"tags":[],"class_list":["post-1540","post","type-post","status-publish","format-standard","has-post-thumbnail","hentry","category-salud"],"custom_fields_data":{"inline_featured_image":["0"],"hcf_post_fecha":[""],"hcf_post_timeI":[""],"hcf_post_timeF":[""],"hcf_post_lugar":[""],"hcf_post_ingreso":[""],"hcf_post_recomendados":[""],"hcf_post_anexos":[""],"hcf_post_email":[""],"hcf_post_url_face":[""],"hcf_fecha_blog":["2022-01-21"],"hcf_destacado_blog":["on"],"hcf_imagenes":["[{\"image\":\"https:\/\/posgrado.uwiener.edu.pe\/actividades\/wp-content\/uploads\/2022\/01\/8-28.jpg\",\"leyenda\":\"El Dr. Manuel Loayza ofreci\u00f3 la conferencia \u201cCOVID-19: La tercera ola, nuevas cepas y desaf\u00edos\u201d.\"},{\"image\":\"https:\/\/posgrado.uwiener.edu.pe\/actividades\/wp-content\/uploads\/2022\/01\/6-37.jpg\",\"leyenda\":\"Con su exposici\u00f3n, el Dr. Manuel Loayza apertur\u00f3 el ciclo de conferencias que ofrecer\u00e1 el programa de Maestr\u00eda en Gesti\u00f3n en Salud durante el presente a\u00f1o.\"},{\"image\":\"https:\/\/posgrado.uwiener.edu.pe\/actividades\/wp-content\/uploads\/2022\/01\/1-2022-01-21T193146.180.jpg\",\"leyenda\":\"La Dra. Claudia Arispe, coordinadora de la Maestr\u00eda en Gesti\u00f3n en Salud, hizo la presentaci\u00f3n del reconocido m\u00e9dico epidemi\u00f3logo. \"}]"],"hcf_thumb_500":[""],"hcf_thumb_1600":[""],"hcf_destacada":[""],"_edit_lock":["1681177308:4"],"_thumbnail_id":["1544"],"_edit_last":["4"],"_field_new_1":[""],"_field_new_2":[""],"_field_new_3":[""],"_field_new_4":[""],"_field_new_5":[""],"_field_new_6":[""],"_field_new_7":[""],"_field_new_8":[""],"_field_new_9":[""],"_field_new_10":[""],"rank_math_internal_links_processed":["1"]},"_links":{"self":[{"href":"https:\/\/posgrado.uwiener.edu.pe\/actividades\/wp-json\/wp\/v2\/posts\/1540"}],"collection":[{"href":"https:\/\/posgrado.uwiener.edu.pe\/actividades\/wp-json\/wp\/v2\/posts"}],"about":[{"href":"https:\/\/posgrado.uwiener.edu.pe\/actividades\/wp-json\/wp\/v2\/types\/post"}],"author":[{"embeddable":true,"href":"https:\/\/posgrado.uwiener.edu.pe\/actividades\/wp-json\/wp\/v2\/users\/4"}],"replies":[{"embeddable":true,"href":"https:\/\/posgrado.uwiener.edu.pe\/actividades\/wp-json\/wp\/v2\/comments?post=1540"}],"version-history":[{"count":3,"href":"https:\/\/posgrado.uwiener.edu.pe\/actividades\/wp-json\/wp\/v2\/posts\/1540\/revisions"}],"predecessor-version":[{"id":2968,"href":"https:\/\/posgrado.uwiener.edu.pe\/actividades\/wp-json\/wp\/v2\/posts\/1540\/revisions\/2968"}],"wp:featuredmedia":[{"embeddable":true,"href":"https:\/\/posgrado.uwiener.edu.pe\/actividades\/wp-json\/wp\/v2\/media\/1544"}],"wp:attachment":[{"href":"https:\/\/posgrado.uwiener.edu.pe\/actividades\/wp-json\/wp\/v2\/media?parent=1540"}],"wp:term":[{"taxonomy":"category","embeddable":true,"href":"https:\/\/posgrado.uwiener.edu.pe\/actividades\/wp-json\/wp\/v2\/categories?post=1540"},{"taxonomy":"post_tag","embeddable":true,"href":"https:\/\/posgrado.uwiener.edu.pe\/actividades\/wp-json\/wp\/v2\/tags?post=1540"}],"curies":[{"name":"wp","href":"https:\/\/api.w.org\/{rel}","templated":true}]}}