
{"id":1555,"date":"2022-02-01T18:08:15","date_gmt":"2022-02-01T18:08:15","guid":{"rendered":"https:\/\/posgrado.uwiener.edu.pe\/actividades\/?p=1555"},"modified":"2023-04-10T20:41:45","modified_gmt":"2023-04-11T01:41:45","slug":"proyecto-de-investigacion-presentado-por-docentes-de-la-escuela-de-posgrado-gano-fondo-concursable-de-investigacion-externo-2021","status":"publish","type":"post","link":"https:\/\/posgrado.uwiener.edu.pe\/actividades\/noticias\/investigacion\/proyecto-de-investigacion-presentado-por-docentes-de-la-escuela-de-posgrado-gano-fondo-concursable-de-investigacion-externo-2021\/","title":{"rendered":"PROYECTO DE INVESTIGACI\u00d3N PRESENTADO POR DOCENTES DE LA ESCUELA DE POSGRADO GAN\u00d3 FONDO CONCURSABLE DE INVESTIGACI\u00d3N EXTERNO 2021"},"content":{"rendered":"\n<p>El proyecto de investigaci\u00f3n \u201cFactores asociados a las variaciones en la fecundidad: an\u00e1lisis comparativo Colombia-Per\u00fa 2020\u201d en el que participan docentes investigadores de nuestra Escuela de Posgrado y de la Universidad CES de Colombia gan\u00f3 el Fondo Concursable de Investigaci\u00f3n Externo 2021 de la Direcci\u00f3n de Centros de Investigaci\u00f3n de la Universidad Norbert Wiener.<\/p>\n\n\n\n<p>La l\u00ednea de investigaci\u00f3n a desarrollar por los investigadores C\u00e9sar Arellano Sacramento, Roc\u00edo Hermoza Moquillaza y Claudia Arispe Alburqueque, docentes de la Escuela de Posgrado de la Universidad Norbert Wiener, y Doris Cardona Arango, docente de la Universidad CES (Colombia), en el marco del convenio existente entre ambas instituciones educativas, es pol\u00edticas p\u00fablicas y desarrollo social sostenible.<\/p>\n\n\n\n<p>\u201cEl objetivo del proyecto es comparar los factores asociados a las variaciones de fecundidad en mujeres seg\u00fan la Encuesta Demogr\u00e1fica y de Salud Familiar (ENDES) del Per\u00fa y la Encuesta Nacional de Demograf\u00eda y Salud (ENDS) de Colombia. Ser\u00e1 un estudio retrospectivo, anal\u00edtico y transversal sobre las muestras de mujeres en edad f\u00e9rtil de ambas encuestas\u201d, explic\u00f3 el magister C\u00e9sar Arellano, investigador principal del proyecto.<\/p>\n\n\n\n<p>C\u00e9sar Arellano es docente investigador Renacyt del Consejo Nacional de Ciencia, Tecnolog\u00eda e Innovaci\u00f3n Tecnol\u00f3gica (Concytec) y desarrollar\u00e1 este proyecto, junto a los investigadores colaboradores de Per\u00fa y Colombia, durante todo el a\u00f1o 2022, para ello se le ha asignado un presupuesto de poco m\u00e1s de ocho mil soles.<\/p>\n\n\n\n<p>\u201cEl proyecto de investigaci\u00f3n \u201cFactores asociados a las variaciones en la fecundidad: an\u00e1lisis comparativo Colombia-Per\u00fa 2020\u201d est\u00e1 pautado para enviarse a una revista Scopus en setiembre del presente a\u00f1o\u201d, inform\u00f3 el magister Arellano.<\/p>\n\n\n\n<p>Cabe indicar que el Fondo Concursable de Investigaci\u00f3n Externo 2021 estuvo dirigido a los miembros de los grupos de investigaci\u00f3n de la Universidad Norbert Wiener y la Universidad CES (Colombia). El fondo m\u00ednimo y m\u00e1ximo para financiar los proyectos ganadores fue de 7 000 y 15 000 soles.<\/p>\n","protected":false},"excerpt":{"rendered":"<p>El proyecto de investigaci\u00f3n \u201cFactores asociados a las variaciones en la fecundidad: an\u00e1lisis comparativo Colombia-Per\u00fa 2020\u201d en el que participan docentes investigadores de nuestra Escuela de Posgrado y de la Universidad CES de Colombia gan\u00f3 el Fondo Concursable de Investigaci\u00f3n Externo 2021 de la Direcci\u00f3n de Centros de Investigaci\u00f3n de la Universidad Norbert Wiener. La [&hellip;]<\/p>\n","protected":false},"author":4,"featured_media":1556,"comment_status":"open","ping_status":"open","sticky":false,"template":"","format":"standard","meta":{"footnotes":""},"categories":[23],"tags":[],"class_list":["post-1555","post","type-post","status-publish","format-standard","has-post-thumbnail","hentry","category-investigacion"],"custom_fields_data":{"inline_featured_image":["0"],"hcf_post_fecha":[""],"hcf_post_timeI":[""],"hcf_post_timeF":[""],"hcf_post_lugar":[""],"hcf_post_ingreso":[""],"hcf_post_recomendados":[""],"hcf_post_anexos":[""],"hcf_post_email":[""],"hcf_post_url_face":[""],"hcf_fecha_blog":["2022-01-31"],"hcf_destacado_blog":["on"],"hcf_imagenes":["[{\"image\":\"https:\/\/posgrado.uwiener.edu.pe\/actividades\/wp-content\/uploads\/2022\/02\/FOTO-POSGRADO.jpg\",\"leyenda\":\"C\u00e9sar Arellano, docente investigador Renacyt del Concytec, es el investigador principal del proyecto.\"}]"],"hcf_thumb_500":[""],"hcf_thumb_1600":[""],"hcf_destacada":[""],"_edit_lock":["1681177306:4"],"_thumbnail_id":["1556"],"_edit_last":["4"],"_field_new_1":[""],"_field_new_2":[""],"_field_new_3":[""],"_field_new_4":[""],"_field_new_5":[""],"_field_new_6":[""],"_field_new_7":[""],"_field_new_8":[""],"_field_new_9":[""],"_field_new_10":[""],"rank_math_internal_links_processed":["1"]},"_links":{"self":[{"href":"https:\/\/posgrado.uwiener.edu.pe\/actividades\/wp-json\/wp\/v2\/posts\/1555"}],"collection":[{"href":"https:\/\/posgrado.uwiener.edu.pe\/actividades\/wp-json\/wp\/v2\/posts"}],"about":[{"href":"https:\/\/posgrado.uwiener.edu.pe\/actividades\/wp-json\/wp\/v2\/types\/post"}],"author":[{"embeddable":true,"href":"https:\/\/posgrado.uwiener.edu.pe\/actividades\/wp-json\/wp\/v2\/users\/4"}],"replies":[{"embeddable":true,"href":"https:\/\/posgrado.uwiener.edu.pe\/actividades\/wp-json\/wp\/v2\/comments?post=1555"}],"version-history":[{"count":1,"href":"https:\/\/posgrado.uwiener.edu.pe\/actividades\/wp-json\/wp\/v2\/posts\/1555\/revisions"}],"predecessor-version":[{"id":1558,"href":"https:\/\/posgrado.uwiener.edu.pe\/actividades\/wp-json\/wp\/v2\/posts\/1555\/revisions\/1558"}],"wp:featuredmedia":[{"embeddable":true,"href":"https:\/\/posgrado.uwiener.edu.pe\/actividades\/wp-json\/wp\/v2\/media\/1556"}],"wp:attachment":[{"href":"https:\/\/posgrado.uwiener.edu.pe\/actividades\/wp-json\/wp\/v2\/media?parent=1555"}],"wp:term":[{"taxonomy":"category","embeddable":true,"href":"https:\/\/posgrado.uwiener.edu.pe\/actividades\/wp-json\/wp\/v2\/categories?post=1555"},{"taxonomy":"post_tag","embeddable":true,"href":"https:\/\/posgrado.uwiener.edu.pe\/actividades\/wp-json\/wp\/v2\/tags?post=1555"}],"curies":[{"name":"wp","href":"https:\/\/api.w.org\/{rel}","templated":true}]}}