
{"id":1565,"date":"2022-02-02T17:25:11","date_gmt":"2022-02-02T17:25:11","guid":{"rendered":"https:\/\/posgrado.uwiener.edu.pe\/actividades\/?p=1565"},"modified":"2023-04-10T20:41:42","modified_gmt":"2023-04-11T01:41:42","slug":"docente-investigador-de-la-universidad-autonoma-de-chiapas-dicto-conferencia-virtual-sobre-la-educacion-en-tiempo-de-pandemia","status":"publish","type":"post","link":"https:\/\/posgrado.uwiener.edu.pe\/actividades\/noticias\/educacion\/docente-investigador-de-la-universidad-autonoma-de-chiapas-dicto-conferencia-virtual-sobre-la-educacion-en-tiempo-de-pandemia\/","title":{"rendered":"DOCENTE INVESTIGADOR DE LA UNIVERSIDAD AUT\u00d3NOMA DE CHIAPAS DICT\u00d3 CONFERENCIA VIRTUAL SOBRE LA EDUCACI\u00d3N EN TIEMPO DE PANDEMIA"},"content":{"rendered":"\n<p>El doctor Alan Acu\u00f1a Gamboa, docente investigador de la Universidad Aut\u00f3noma de Chiapas (M\u00e9xico) y director general de la Revista Electr\u00f3nica Sinergias Educativas, ofreci\u00f3 la conferencia \u201cLa educaci\u00f3n en tiempo de pandemia: lo que nos ense\u00f1a la investigaci\u00f3n educativa\u201d, a trav\u00e9s de la p\u00e1gina de Facebook de la Escuela de Posgrado de la Universidad Norbert Wiener.<\/p>\n\n\n\n<p>Esta actividad, organizada por el Programa de Maestr\u00eda en Docencia Universitaria, se realiz\u00f3 con la finalidad que nuestros maestrandos reflexionen sobre la importancia que tiene la investigaci\u00f3n cient\u00edfica en el desarrollo de la educaci\u00f3n. Para ello, la ponencia estuvo estructurada en tres momentos: la calidad educativa, la nueva era mundial y formaci\u00f3n docente en tiempos de incertidumbre.<\/p>\n\n\n\n<p>El doctor Acu\u00f1a Gamboa, quien es miembro del Consejo Mexicano de Investigaci\u00f3n Educativa, enfoc\u00f3 su disertaci\u00f3n en la formaci\u00f3n de los docentes. Asimismo, a lo largo de su exposici\u00f3n cit\u00f3 trabajos de investigaci\u00f3n relacionados con el tema central de su conferencia.<\/p>\n\n\n\n<p>\u201cQuiero hacer \u00e9nfasis en el docente, pues es qui\u00e9n vive de manera directa este cambio tan abrupto que tuvo la educaci\u00f3n a ra\u00edz de la pandemia, al migrar de lo presencial, al que est\u00e1bamos acostumbrados desde hace muchos a\u00f1os, a un escenario para muchos de nosotros nuevo, inh\u00f3spito y un tanto incierto, donde nuestros conocimientos, nuestras competencias se vieron evaluados de manera inmediata\u201d, coment\u00f3.<\/p>\n\n\n\n<p>El especialista se\u00f1al\u00f3 que la educaci\u00f3n no solo tiene como actor social al docente sino a los estudiantes, los directivos, los administradores y el propio Estado, en nuestro caso representado por el Ministerio de Educaci\u00f3n (Minedu).<\/p>\n\n\n\n<p>El doctor Acu\u00f1a se refiri\u00f3 tambi\u00e9n a la calidad educativa y su b\u00fasqueda internacional, la nueva era mundial de educaci\u00f3n, que seg\u00fan dijo no se quedan en tener sesiones de Zoom, y a la formaci\u00f3n docente. En este \u00faltimo punto, dijo que son, precisamente, los profesores quienes m\u00e1s est\u00e1n padeciendo en este contexto de la virtualidad educativa.<\/p>\n\n\n\n<p>\u201cEl docente es el actor social y el actor educativo que m\u00e1s cambios ha tenido que hacer en menor tiempo, obviamente quienes se ven afectados por esta pr\u00e1ctica docente emergente son los estudiantes, sin embargo es el docente el que se est\u00e1 estresado, el que est\u00e1 viendo cu\u00e1les son los nuevos escenarios\u201d, indic\u00f3.<\/p>\n\n\n\n<p>En su magistral conferencia, el doctor Alan Acu\u00f1a puso especial \u00e9nfasis en la importancia del desarrollo de la investigaci\u00f3n y c\u00f3mo repercute en la calidad educativa, por lo que recomend\u00f3 se &nbsp;desarrolle desde la etapa de formaci\u00f3n profesional de los docentes.<\/p>\n\n\n\n<p>La presentaci\u00f3n del reconocido investigador mexicano estuvo a cargo de la doctora \u00c1ngela Herrera \u00c1lvarez, coordinadora del Programa de Maestr\u00eda en Docencia Universitaria de la Escuela de Posgrado de la Universidad Norbert Wiener.&nbsp;<\/p>\n\n\n\n<p>Esta importante actividad acad\u00e9mica sirvi\u00f3 de marco para el lanzamiento del Programa de Maestr\u00eda en Docencia Universitaria que se iniciar\u00e1 el lunes 28 de febrero. Estuvo dirigida a estudiantes, docentes, egresados y p\u00fablico en general interesado en el tema.<\/p>\n\n\n\n<p>Te dejamos el link de la conferencia: <a rel=\"noreferrer noopener\" href=\"https:\/\/bit.ly\/3rnif6q\" target=\"_blank\">https:\/\/bit.ly\/3rnif6q<\/a><\/p>\n\n\n\n<p><\/p>\n\n\n\n<p><\/p>\n","protected":false},"excerpt":{"rendered":"<p>El doctor Alan Acu\u00f1a Gamboa, docente investigador de la Universidad Aut\u00f3noma de Chiapas (M\u00e9xico) y director general de la Revista Electr\u00f3nica Sinergias Educativas, ofreci\u00f3 la conferencia \u201cLa educaci\u00f3n en tiempo de pandemia: lo que nos ense\u00f1a la investigaci\u00f3n educativa\u201d, a trav\u00e9s de la p\u00e1gina de Facebook de la Escuela de Posgrado de la Universidad Norbert [&hellip;]<\/p>\n","protected":false},"author":4,"featured_media":1566,"comment_status":"open","ping_status":"open","sticky":false,"template":"","format":"standard","meta":{"footnotes":""},"categories":[26],"tags":[],"class_list":["post-1565","post","type-post","status-publish","format-standard","has-post-thumbnail","hentry","category-educacion"],"custom_fields_data":{"inline_featured_image":["0"],"hcf_post_fecha":[""],"hcf_post_timeI":[""],"hcf_post_timeF":[""],"hcf_post_lugar":[""],"hcf_post_ingreso":[""],"hcf_post_recomendados":[""],"hcf_post_anexos":[""],"hcf_post_email":[""],"hcf_post_url_face":[""],"hcf_fecha_blog":["2022-02-01"],"hcf_destacado_blog":["on"],"hcf_imagenes":["[{\"image\":\"https:\/\/posgrado.uwiener.edu.pe\/actividades\/wp-content\/uploads\/2022\/02\/1-2022-02-01T194913.008.jpg\",\"leyenda\":\"Alan Acu\u00f1a Gamboa, docente investigador de la Universidad Aut\u00f3noma de Chiapas (M\u00e9xico) y director general de la Revista Electr\u00f3nica Sinergias Educativas.\"},{\"image\":\"https:\/\/posgrado.uwiener.edu.pe\/actividades\/wp-content\/uploads\/2022\/02\/4-72.jpg\",\"leyenda\":\"\u201cLa educaci\u00f3n en tiempo de pandemia: lo que nos ense\u00f1a la investigaci\u00f3n educativa\u201d fue el t\u00edtulo de la conferencia que ofreci\u00f3 el Dr. Alan Acu\u00f1a.\"},{\"image\":\"https:\/\/posgrado.uwiener.edu.pe\/actividades\/wp-content\/uploads\/2022\/02\/6-38.jpg\",\"leyenda\":\"La nueva era mundial en el campo educativo fue uno de los temas tratados en su exposici\u00f3n.\"},{\"image\":\"https:\/\/posgrado.uwiener.edu.pe\/actividades\/wp-content\/uploads\/2022\/02\/2-2022-02-01T195309.380.jpg\",\"leyenda\":\"La Dra. \u00c1ngela Herrera, coordinadora del Programa de Maestr\u00eda en Docencia Universitaria, hizo la presentaci\u00f3n del Dr. Alan Acu\u00f1a.  \"}]"],"hcf_thumb_500":[""],"hcf_thumb_1600":[""],"hcf_destacada":[""],"_edit_lock":["1681177303:4"],"_thumbnail_id":["1566"],"_edit_last":["4"],"_field_new_1":[""],"_field_new_2":[""],"_field_new_3":[""],"_field_new_4":[""],"_field_new_5":[""],"_field_new_6":[""],"_field_new_7":[""],"_field_new_8":[""],"_field_new_9":[""],"_field_new_10":[""],"rank_math_internal_links_processed":["1"]},"_links":{"self":[{"href":"https:\/\/posgrado.uwiener.edu.pe\/actividades\/wp-json\/wp\/v2\/posts\/1565"}],"collection":[{"href":"https:\/\/posgrado.uwiener.edu.pe\/actividades\/wp-json\/wp\/v2\/posts"}],"about":[{"href":"https:\/\/posgrado.uwiener.edu.pe\/actividades\/wp-json\/wp\/v2\/types\/post"}],"author":[{"embeddable":true,"href":"https:\/\/posgrado.uwiener.edu.pe\/actividades\/wp-json\/wp\/v2\/users\/4"}],"replies":[{"embeddable":true,"href":"https:\/\/posgrado.uwiener.edu.pe\/actividades\/wp-json\/wp\/v2\/comments?post=1565"}],"version-history":[{"count":3,"href":"https:\/\/posgrado.uwiener.edu.pe\/actividades\/wp-json\/wp\/v2\/posts\/1565\/revisions"}],"predecessor-version":[{"id":1576,"href":"https:\/\/posgrado.uwiener.edu.pe\/actividades\/wp-json\/wp\/v2\/posts\/1565\/revisions\/1576"}],"wp:featuredmedia":[{"embeddable":true,"href":"https:\/\/posgrado.uwiener.edu.pe\/actividades\/wp-json\/wp\/v2\/media\/1566"}],"wp:attachment":[{"href":"https:\/\/posgrado.uwiener.edu.pe\/actividades\/wp-json\/wp\/v2\/media?parent=1565"}],"wp:term":[{"taxonomy":"category","embeddable":true,"href":"https:\/\/posgrado.uwiener.edu.pe\/actividades\/wp-json\/wp\/v2\/categories?post=1565"},{"taxonomy":"post_tag","embeddable":true,"href":"https:\/\/posgrado.uwiener.edu.pe\/actividades\/wp-json\/wp\/v2\/tags?post=1565"}],"curies":[{"name":"wp","href":"https:\/\/api.w.org\/{rel}","templated":true}]}}