
{"id":2046,"date":"2022-05-24T18:08:00","date_gmt":"2022-05-24T23:08:00","guid":{"rendered":"https:\/\/posgrado.uwiener.edu.pe\/actividades\/?p=2046"},"modified":"2023-04-10T20:40:58","modified_gmt":"2023-04-11T01:40:58","slug":"segundo-congreso-internacional-de-responsabilidad-social-organiza-escuela-de-posgrado-de-la-universidad-norbert-wiener","status":"publish","type":"post","link":"https:\/\/posgrado.uwiener.edu.pe\/actividades\/noticias\/epgwiener\/segundo-congreso-internacional-de-responsabilidad-social-organiza-escuela-de-posgrado-de-la-universidad-norbert-wiener\/","title":{"rendered":"SEGUNDO CONGRESO INTERNACIONAL DE RESPONSABILIDAD SOCIAL ORGANIZA ESCUELA DE POSGRADO DE LA UNIVERSIDAD NORBERT WIENER"},"content":{"rendered":"\n<p>Destacados acad\u00e9micos y profesionales del \u00e1mbito social de Estados Unidos, Espa\u00f1a, M\u00e9xico, Chile, Colombia y Per\u00fa expondr\u00e1n sus conocimientos y experiencia en el Segundo Congreso Internacional de Responsabilidad Social, a realizarse los d\u00edas 21 y 22 de julio pr\u00f3ximo a trav\u00e9s de la plataforma Zoom de la Universidad Norbert Wiener, de 9:00 a.m. a 6:00 p.m.<\/p>\n\n\n\n<p>Esta actividad, organizada por la Escuela de Posgrado, tiene por objetivo crear una red de intercambio de experiencias en temas de Econom\u00eda e Ingenier\u00eda Circular, inclusi\u00f3n social e igualdad, \u00e9tica, gobernanza, transparencia y buenas pr\u00e1cticas&nbsp; empresariales; as\u00ed como generar grupos de trabajo entre los diferentes <em>stakeholders<\/em>: empresas, universidades, organismos p\u00fablicos, tercer sector y entidades privadas, y consolidar la cultura de responsabilidad social en las organizaciones.<\/p>\n\n\n\n<p>En el \u00e1rea de Econom\u00eda e Ingenier\u00eda Circular expondr\u00e1n el Dr. Valent\u00edn Molina, catedr\u00e1tico de la Universidad de Granada, quien hablar\u00e1 sobre la importancia de la econom\u00eda circular en las organizaciones; y la Mg. Tatiana Jim\u00e9nez, coordinadora de la Maestr\u00eda en Ciencias Ambientales de la Universidad de Cundinamarca (Colombia), \u201cGesti\u00f3n ambiental urbana: oportunidad de impulsar la competitividad de las ciudades\u201d.<\/p>\n\n\n\n<p>Asimismo, participar\u00e1 el doctor Humberto Mu\u00f1oz, coordinador del Doctorado en Innovaci\u00f3n en Responsabilidad Social y Sostenibilidad de la Universidad An\u00e1huac (M\u00e9xico), con la conferencia \u201cLa Responsabilidad Social Comunitaria y la sostenibilidad\u201d.<\/p>\n\n\n\n<p>En el \u00e1rea de inclusi\u00f3n social e igualdad los ponentes ser\u00e1n el Dr. V\u00edctor Meseguer, director de la C\u00e1tedra Internacional de Responsabilidad de la Universidad Cat\u00f3lica de Murcia (Espa\u00f1a), quien dictar\u00e1 la conferencia \u201cLa responsabilidad social de g\u00e9nero en Espa\u00f1a\u201d; la Dra. Emma L\u00f3pez, directora de la C\u00e1tedra UNESCO (Colombia), \u201cLa violencia de g\u00e9nero en pandemia y pospandemia\u201d; y el Dr. Mat\u00edas Giner, director del Campus Alquibla (Espa\u00f1a), \u201cLos planes de igualdad en Espa\u00f1a\u201d.<\/p>\n\n\n\n<p>Tambi\u00e9n intervendr\u00e1n la Dra. Marcela Zubiaurre, psic\u00f3loga de la Pontificia Universidad Cat\u00f3lica de Chile, con la exposici\u00f3n \u201cCultura inclusiva: C\u00f3mo estamos y a d\u00f3nde queremos llegar como universidad\u201d; Dra. Blanca Albarrac\u00edn, docente de la Universidad de Cundinamarca, \u201cPerspectiva de la inclusi\u00f3n e igualdad de g\u00e9nero en el contexto de las pol\u00edticas p\u00fablicas en Colombia: Una mirada desde el cumplimiento de los ODS\u201d.<\/p>\n\n\n\n<p>En este grupo se tiene tambi\u00e9n programada las conferencias del Dr. Rafael Garc\u00eda, \u201cNovedades jur\u00eddicas en materia de igualdad\u201d, y de la Dra. Laura Callej\u00f3n, \u201cPeriodismo para la igualdad\u201d. Ambos son docentes de la Universidad Cat\u00f3lica de Murcia. &nbsp;<\/p>\n\n\n\n<p>En el \u00e1rea de \u00e9tica, buen gobierno y transparencia las exposiciones estar\u00e1n a cargo del Dr. Djordjija Petkoski, docente de la Universidad de Pensilvania, \u201cEthics and transparency in management\u201d; Dra. Carmen C\u00e1ceda, docente de Western Oreg\u00f3n University, \u201cThe inclusion of emergent bilingual learners in U.S. schools\u201d; Mg. Mariel G\u00f3mez de la Torre, Summit K-8 Virtual Academy, \u201cDerribando los muros y la percepci\u00f3n de la equidad de las acciones\u201d. Todos ellos de los Estados Unidos.<\/p>\n\n\n\n<p>Del mismo modo, expondr\u00e1n &nbsp;la Mg. Perla Aguilar, de la Universidad Aut\u00f3noma de Nayarit (M\u00e9xico), \u201cGesti\u00f3n de desechos electr\u00f3nicos inform\u00e1ticos como parte de la RSU\u201d; y el Dr. Mauricio Ubilla, de la Universidad Bernardo O\u2019Higgins de Chile, \u201cEl ejercicio de la \u00e9tica como experiencia de posicionamiento pol\u00edtico en los futuros profesionales de la academia\u201d.<\/p>\n\n\n\n<p>En el \u00e1rea de buenas pr\u00e1cticas empresariales el doctor Antonio S\u00e1mano \u00c1ngeles, consultor de responsabilidad social, finanzas e impuestos, y docente de la Universidad An\u00e1huac de M\u00e9xico Norte, ofrecer\u00e1 la conferencia \u201cFinanzas sostenibles: buenas pr\u00e1cticas empresariales\u201d.<\/p>\n\n\n\n<p>En representaci\u00f3n de Per\u00fa participar\u00e1n el doctor Manuel Valdivieso, director ejecutivo de PAMS Chincha; la Dra. Maril\u00fa de Cossio, presidenta fundadora del Instituto Mundo Libre; Ricardo Pun Chong, fundador del albergue INSPIRA; y Miguel V\u00e1squez, docente de la Escuela de Posgrado de la Universidad Norbert Wiener, quienes informar\u00e1n sobre las actividades de responsabilidad social que realizan sus instituciones.<\/p>\n\n\n\n<p>Adem\u00e1s de las exposiciones virtuales se realizar\u00e1n mesas tem\u00e1ticas paralelas. El congreso est\u00e1 dirigido a estudiantes, docentes y egresados de nuestra instituci\u00f3n educativa, as\u00ed como de otras casas superiores de estudio y p\u00fablico en general. Para m\u00e1s informaci\u00f3n ingrese al siguiente link: <a href=\"https:\/\/congresointernacionalrsu.uwiener.edu.pe\/\" target=\"_blank\" rel=\"noopener\">https:\/\/congresointernacionalrsu.uwiener.edu.pe\/<\/a><\/p>\n","protected":false},"excerpt":{"rendered":"<p>Destacados acad\u00e9micos y profesionales del \u00e1mbito social de Estados Unidos, Espa\u00f1a, M\u00e9xico, Chile, Colombia y Per\u00fa expondr\u00e1n sus conocimientos y experiencia en el Segundo Congreso Internacional de Responsabilidad Social, a realizarse los d\u00edas 21 y 22 de julio pr\u00f3ximo a trav\u00e9s de la plataforma Zoom de la Universidad Norbert Wiener, de 9:00 a.m. a 6:00 [&hellip;]<\/p>\n","protected":false},"author":4,"featured_media":2047,"comment_status":"open","ping_status":"open","sticky":false,"template":"","format":"standard","meta":{"footnotes":""},"categories":[25],"tags":[],"class_list":["post-2046","post","type-post","status-publish","format-standard","has-post-thumbnail","hentry","category-epgwiener"],"custom_fields_data":{"inline_featured_image":["0"],"hcf_post_fecha":[""],"hcf_post_timeI":[""],"hcf_post_timeF":[""],"hcf_post_lugar":[""],"hcf_post_ingreso":[""],"hcf_post_recomendados":[""],"hcf_post_anexos":[""],"hcf_post_email":[""],"hcf_post_url_face":[""],"hcf_fecha_blog":["2022-05-24"],"hcf_destacado_blog":["on"],"hcf_imagenes":["[{\"image\":\"https:\/\/posgrado.uwiener.edu.pe\/actividades\/wp-content\/uploads\/2022\/05\/4-2022-05-24T154556.663.jpg\",\"leyenda\":\"\"},{\"image\":\"https:\/\/posgrado.uwiener.edu.pe\/actividades\/wp-content\/uploads\/2022\/05\/1-2022-05-24T154635.187.jpg\",\"leyenda\":\"\"},{\"image\":\"https:\/\/posgrado.uwiener.edu.pe\/actividades\/wp-content\/uploads\/2022\/05\/3-2022-05-24T154609.809.jpg\",\"leyenda\":\"\"},{\"image\":\"https:\/\/posgrado.uwiener.edu.pe\/actividades\/wp-content\/uploads\/2022\/05\/2-2022-05-24T154603.721.jpg\",\"leyenda\":\"\"}]"],"hcf_thumb_500":[""],"hcf_thumb_1600":[""],"hcf_destacada":[""],"_edit_lock":["1681177165:4"],"_thumbnail_id":["2047"],"_edit_last":["4"],"_field_new_1":[""],"_field_new_2":[""],"_field_new_3":[""],"_field_new_4":[""],"_field_new_5":[""],"_field_new_6":[""],"_field_new_7":[""],"_field_new_8":[""],"_field_new_9":[""],"_field_new_10":[""],"rank_math_internal_links_processed":["1"]},"_links":{"self":[{"href":"https:\/\/posgrado.uwiener.edu.pe\/actividades\/wp-json\/wp\/v2\/posts\/2046"}],"collection":[{"href":"https:\/\/posgrado.uwiener.edu.pe\/actividades\/wp-json\/wp\/v2\/posts"}],"about":[{"href":"https:\/\/posgrado.uwiener.edu.pe\/actividades\/wp-json\/wp\/v2\/types\/post"}],"author":[{"embeddable":true,"href":"https:\/\/posgrado.uwiener.edu.pe\/actividades\/wp-json\/wp\/v2\/users\/4"}],"replies":[{"embeddable":true,"href":"https:\/\/posgrado.uwiener.edu.pe\/actividades\/wp-json\/wp\/v2\/comments?post=2046"}],"version-history":[{"count":1,"href":"https:\/\/posgrado.uwiener.edu.pe\/actividades\/wp-json\/wp\/v2\/posts\/2046\/revisions"}],"predecessor-version":[{"id":2051,"href":"https:\/\/posgrado.uwiener.edu.pe\/actividades\/wp-json\/wp\/v2\/posts\/2046\/revisions\/2051"}],"wp:featuredmedia":[{"embeddable":true,"href":"https:\/\/posgrado.uwiener.edu.pe\/actividades\/wp-json\/wp\/v2\/media\/2047"}],"wp:attachment":[{"href":"https:\/\/posgrado.uwiener.edu.pe\/actividades\/wp-json\/wp\/v2\/media?parent=2046"}],"wp:term":[{"taxonomy":"category","embeddable":true,"href":"https:\/\/posgrado.uwiener.edu.pe\/actividades\/wp-json\/wp\/v2\/categories?post=2046"},{"taxonomy":"post_tag","embeddable":true,"href":"https:\/\/posgrado.uwiener.edu.pe\/actividades\/wp-json\/wp\/v2\/tags?post=2046"}],"curies":[{"name":"wp","href":"https:\/\/api.w.org\/{rel}","templated":true}]}}