
{"id":2274,"date":"2022-08-23T19:01:45","date_gmt":"2022-08-24T00:01:45","guid":{"rendered":"https:\/\/posgrado.uwiener.edu.pe\/actividades\/?p=2274"},"modified":"2023-04-10T20:39:14","modified_gmt":"2023-04-11T01:39:14","slug":"escuela-de-posgrado-realizo-segundo-congreso-internacional-de-responsabilidad-social","status":"publish","type":"post","link":"https:\/\/posgrado.uwiener.edu.pe\/actividades\/noticias\/epgwiener\/escuela-de-posgrado-realizo-segundo-congreso-internacional-de-responsabilidad-social\/","title":{"rendered":"ESCUELA DE POSGRADO REALIZ\u00d3 SEGUNDO CONGRESO INTERNACIONAL DE RESPONSABILIDAD SOCIAL"},"content":{"rendered":"\n<p>Con la finalidad de crear una red de intercambio de experiencias en temas de Econom\u00eda e Ingenier\u00eda Circular, inclusi\u00f3n social e igualdad, \u00e9tica, gobernanza, transparencia y buenas pr\u00e1cticas empresariales, la Escuela de Posgrado de la Universidad Norbert Wiener organiz\u00f3 el Segundo Congreso Internacional de Responsabilidad Social, dirigido a nuestros maestrandos y p\u00fablico en general.<\/p>\n\n\n\n<p>El evento se desarroll\u00f3 a trav\u00e9s de la plataforma Zoom de nuestra instituci\u00f3n educativa y cont\u00f3 con la participaci\u00f3n de destacados acad\u00e9micos y profesionales del \u00e1mbito social de Espa\u00f1a, M\u00e9xico, Chile, Colombia, Estados Unidos y Per\u00fa, quienes ofrecieron magistrales conferencias, que enriquecieron el conocimiento de nuestros estudiantes.<\/p>\n\n\n\n<p>En el \u00e1rea de Econom\u00eda e Ingenier\u00eda Circular el <a>Dr. Valent\u00edn Molina, catedr\u00e1tico de la Universidad de Granada, expuso sobre la importancia de la econom\u00eda circular en las organizaciones;<\/a> y la <a>Mg. Tatiana Jim\u00e9nez, coordinadora de la Maestr\u00eda en Ciencias Ambientales de la Universidad de Cundinamarca (Colombia), \u201cGesti\u00f3n ambiental urbana: oportunidad de impulsar la competitividad de las ciudades\u201d.<\/a><\/p>\n\n\n\n<p>Intervino tambi\u00e9n el doctor Humberto Mu\u00f1oz, coordinador del Doctorado en Innovaci\u00f3n en Responsabilidad Social y Sostenibilidad de la Universidad An\u00e1huac (M\u00e9xico), con la conferencia \u201cLa Responsabilidad Social Comunitaria y la sostenibilidad\u201d.<\/p>\n\n\n\n<p>En el \u00e1rea de inclusi\u00f3n social e igualdad los ponentes fueron el <a>Dr. V\u00edctor Meseguer, <\/a><a>director de la C\u00e1tedra Internacional de Responsabilidad de la Universidad Cat\u00f3lica de Murcia (Espa\u00f1a<\/a>), quien dict\u00f3 la conferencia \u201cLa responsabilidad social de g\u00e9nero en Espa\u00f1a\u201d; <a>la Dra. Emma L\u00f3pez, directora de la C\u00e1tedra UNESCO (Colombia), \u201cLa violencia de g\u00e9nero en pandemia y pospandemia\u201d<\/a>; y el Dr. Mat\u00edas Giner, director del Campus Alquibla (Espa\u00f1a), \u201cLos planes de igualdad en Espa\u00f1a\u201d.<\/p>\n\n\n\n<p>Participaron tambi\u00e9n la Dra. Marcela Zubiaurre, psic\u00f3loga de la Pontificia Universidad Cat\u00f3lica de Chile, con la exposici\u00f3n \u201cCultura inclusiva: C\u00f3mo estamos y a d\u00f3nde queremos llegar como universidad\u201d; <a>Dra. Blanca Albarrac\u00edn, docente de la Universidad de Cundinamarca, \u201cPerspectiva de la inclusi\u00f3n e igualdad de g\u00e9nero en el contexto de las pol\u00edticas p\u00fablicas en Colombia: Una mirada desde el cumplimiento de los ODS\u201d.<\/a><\/p>\n\n\n\n<p>Asimismo, el Dr. <a>Rafael Garc\u00eda ofreci\u00f3 la conferencia \u201cNovedades jur\u00eddicas en materia de igualdad\u201d, y de la <\/a><a>Dra. Laura Callej\u00f3n, \u201cPeriodismo para la igualdad\u201d. Ambos son docentes de la Universidad Cat\u00f3lica de Murcia. &nbsp;<\/a><\/p>\n\n\n\n<p>En el \u00e1rea de \u00e9tica, buen gobierno y transparencia las exposiciones estuvieron a cargo del Dr. Djordjija Petkoski, docente de la Universidad de Pensilvania, \u201cEthics and transparency in management\u201d; Dra. Carmen C\u00e1ceda, docente de Western Oreg\u00f3n University, \u201cThe inclusion of emergent bilingual learners in U.S. schools\u201d; Mg. Mariel G\u00f3mez de la Torre, Summit K-8 Virtual Academy, \u201cDerribando los muros y la percepci\u00f3n de la equidad de las acciones\u201d. Todos ellos de los Estados Unidos.<\/p>\n\n\n\n<p>Del mismo modo, expusieron la Mg. Perla Aguilar, de la Universidad Aut\u00f3noma de Nayarit (M\u00e9xico), \u201cGesti\u00f3n de desechos electr\u00f3nicos inform\u00e1ticos como parte de la RSU\u201d; y el Dr. Mauricio Ubilla, de la Universidad Bernardo O\u2019Higgins de Chile, \u201cEl ejercicio de la \u00e9tica como experiencia de posicionamiento pol\u00edtico en los futuros profesionales de la academia\u201d.<\/p>\n\n\n\n<p>En el \u00e1rea de buenas pr\u00e1cticas empresariales el doctor Antonio S\u00e1mano \u00c1ngeles, consultor de responsabilidad social, finanzas e impuestos, y docente de la Universidad An\u00e1huac de M\u00e9xico Norte, dict\u00f3 la ponencia \u201cFinanzas sostenibles: buenas pr\u00e1cticas empresariales\u201d.<\/p>\n\n\n\n<p>En representaci\u00f3n de Per\u00fa participaron el doctor Manuel Valdivieso, director ejecutivo de PAMS Chincha; la Dra. Maril\u00fa de Cossio, presidenta fundadora del Instituto Mundo Libre; Ricardo Pun Chong, fundador del albergue INSPIRA; y Miguel V\u00e1squez, docente de la Escuela de Posgrado de la Universidad Norbert Wiener, quienes informaron sobre las actividades de responsabilidad social que realizan sus instituciones.<\/p>\n\n\n\n<p>Adem\u00e1s de las exposiciones virtuales se realizaron mesas tem\u00e1ticas paralelas. El congreso estuvo dirigido a estudiantes, docentes y egresados de nuestra instituci\u00f3n educativa, as\u00ed como de otras casas superiores de estudio y p\u00fablico en general.<\/p>\n","protected":false},"excerpt":{"rendered":"<p>Con la finalidad de crear una red de intercambio de experiencias en temas de Econom\u00eda e Ingenier\u00eda Circular, inclusi\u00f3n social e igualdad, \u00e9tica, gobernanza, transparencia y buenas pr\u00e1cticas empresariales, la Escuela de Posgrado de la Universidad Norbert Wiener organiz\u00f3 el Segundo Congreso Internacional de Responsabilidad Social, dirigido a nuestros maestrandos y p\u00fablico en general. El [&hellip;]<\/p>\n","protected":false},"author":4,"featured_media":2275,"comment_status":"open","ping_status":"open","sticky":false,"template":"","format":"standard","meta":{"footnotes":""},"categories":[25],"tags":[],"class_list":["post-2274","post","type-post","status-publish","format-standard","has-post-thumbnail","hentry","category-epgwiener"],"custom_fields_data":{"inline_featured_image":["0"],"hcf_post_fecha":[""],"hcf_post_timeI":[""],"hcf_post_timeF":[""],"hcf_post_lugar":[""],"hcf_post_ingreso":[""],"hcf_post_recomendados":[""],"hcf_post_anexos":[""],"hcf_post_email":[""],"hcf_post_url_face":[""],"hcf_fecha_blog":["2022-08-23"],"hcf_destacado_blog":["on"],"hcf_imagenes":["[{\"image\":\"https:\/\/posgrado.uwiener.edu.pe\/actividades\/wp-content\/uploads\/2022\/08\/Cong.-Respons.-Social-21-80.jpg\",\"leyenda\":\"Segundo Congreso Internacional de Responsabilidad Social se realiz\u00f3 de manera virtual a trav\u00e9s de la plataforma Zoom de la Universidad Norbert Wiener. \"},{\"image\":\"https:\/\/posgrado.uwiener.edu.pe\/actividades\/wp-content\/uploads\/2022\/08\/Cong.-Respons.-Social-3-80.jpg\",\"leyenda\":\"V\u00edctor Meseguer, director de la C\u00e1tedra Internacional de Responsabilidad de la UCAM, dict\u00f3 la conferencia \u201cLa responsabilidad social de g\u00e9nero en Espa\u00f1a\u201d.\"},{\"image\":\"https:\/\/posgrado.uwiener.edu.pe\/actividades\/wp-content\/uploads\/2022\/08\/Cong.-Respons.-Social-6-80.jpg\",\"leyenda\":\"Emma L\u00f3pez, directora de la C\u00e1tedra UNESCO (Colombia), ofreci\u00f3 la ponencia \u201cLa violencia de g\u00e9nero en pandemia y pospandemia\u201d. \"},{\"image\":\"https:\/\/posgrado.uwiener.edu.pe\/actividades\/wp-content\/uploads\/2022\/08\/Cong.-Respons.-Social-9-80.jpg\",\"leyenda\":\"Valent\u00edn Molina, catedr\u00e1tico de la Universidad de Granada, expuso sobre la importancia de la econom\u00eda circular en las organizaciones.\"},{\"image\":\"https:\/\/posgrado.uwiener.edu.pe\/actividades\/wp-content\/uploads\/2022\/08\/Cong.-Respons.-Social-12-80.jpg\",\"leyenda\":\"Laura Callej\u00f3n, docente de la Universidad Cat\u00f3lica de Murcia, brind\u00f3 la conferencia \u201cPeriodismo para la igualdad\u201d.\"},{\"image\":\"https:\/\/posgrado.uwiener.edu.pe\/actividades\/wp-content\/uploads\/2022\/08\/Cong.-Respons.-Social-14-80.jpg\",\"leyenda\":\"\u201cNovedades jur\u00eddicas en materia de igualdad\u201d fue el t\u00edtulo de la exposici\u00f3n del Dr. Rafael Garc\u00eda, docente de la Universidad Cat\u00f3lica de Murcia.  \"},{\"image\":\"https:\/\/posgrado.uwiener.edu.pe\/actividades\/wp-content\/uploads\/2022\/08\/Cong.-Respons.-Social-20-80.jpg\",\"leyenda\":\"Tatiana Jim\u00e9nez, coordinadora de la Maestr\u00eda en Ciencias Ambientales de la Universidad de Cundinamarca (Colombia), se refiri\u00f3 a la gesti\u00f3n ambiental urbana.\"},{\"image\":\"https:\/\/posgrado.uwiener.edu.pe\/actividades\/wp-content\/uploads\/2022\/08\/Cong.-Respons.-Social-18-80.jpg\",\"leyenda\":\"\u201cPerspectiva de la inclusi\u00f3n e igualdad de g\u00e9nero en el contexto de las pol\u00edticas p\u00fablicas en Colombia: Una mirada desde el cumplimiento de los ODS\u201d se denomin\u00f3 la conferencia de Blanca Albarrac\u00edn, docente de la Universidad de Cundinamarca.\"}]"],"hcf_thumb_500":[""],"hcf_thumb_1600":[""],"hcf_destacada":[""],"_edit_lock":["1681177044:4"],"_thumbnail_id":["2275"],"_edit_last":["4"],"_field_new_1":[""],"_field_new_2":[""],"_field_new_3":[""],"_field_new_4":[""],"_field_new_5":[""],"_field_new_6":[""],"_field_new_7":[""],"_field_new_8":[""],"_field_new_9":[""],"_field_new_10":[""],"rank_math_internal_links_processed":["1"]},"_links":{"self":[{"href":"https:\/\/posgrado.uwiener.edu.pe\/actividades\/wp-json\/wp\/v2\/posts\/2274"}],"collection":[{"href":"https:\/\/posgrado.uwiener.edu.pe\/actividades\/wp-json\/wp\/v2\/posts"}],"about":[{"href":"https:\/\/posgrado.uwiener.edu.pe\/actividades\/wp-json\/wp\/v2\/types\/post"}],"author":[{"embeddable":true,"href":"https:\/\/posgrado.uwiener.edu.pe\/actividades\/wp-json\/wp\/v2\/users\/4"}],"replies":[{"embeddable":true,"href":"https:\/\/posgrado.uwiener.edu.pe\/actividades\/wp-json\/wp\/v2\/comments?post=2274"}],"version-history":[{"count":1,"href":"https:\/\/posgrado.uwiener.edu.pe\/actividades\/wp-json\/wp\/v2\/posts\/2274\/revisions"}],"predecessor-version":[{"id":2283,"href":"https:\/\/posgrado.uwiener.edu.pe\/actividades\/wp-json\/wp\/v2\/posts\/2274\/revisions\/2283"}],"wp:featuredmedia":[{"embeddable":true,"href":"https:\/\/posgrado.uwiener.edu.pe\/actividades\/wp-json\/wp\/v2\/media\/2275"}],"wp:attachment":[{"href":"https:\/\/posgrado.uwiener.edu.pe\/actividades\/wp-json\/wp\/v2\/media?parent=2274"}],"wp:term":[{"taxonomy":"category","embeddable":true,"href":"https:\/\/posgrado.uwiener.edu.pe\/actividades\/wp-json\/wp\/v2\/categories?post=2274"},{"taxonomy":"post_tag","embeddable":true,"href":"https:\/\/posgrado.uwiener.edu.pe\/actividades\/wp-json\/wp\/v2\/tags?post=2274"}],"curies":[{"name":"wp","href":"https:\/\/api.w.org\/{rel}","templated":true}]}}