
{"id":2371,"date":"2022-09-29T15:23:19","date_gmt":"2022-09-29T20:23:19","guid":{"rendered":"https:\/\/posgrado.uwiener.edu.pe\/actividades\/?p=2371"},"modified":"2023-04-10T20:38:59","modified_gmt":"2023-04-11T01:38:59","slug":"convenio-de-cooperacion-interinstitucional-entre-la-universidad-norbert-wiener-y-el-colegio-de-contadores-publicos-de-lima","status":"publish","type":"post","link":"https:\/\/posgrado.uwiener.edu.pe\/actividades\/noticias\/epgwiener\/convenio-de-cooperacion-interinstitucional-entre-la-universidad-norbert-wiener-y-el-colegio-de-contadores-publicos-de-lima\/","title":{"rendered":"CONVENIO DE COOPERACI\u00d3N INTERINSTITUCIONAL ENTRE LA UNIVERSIDAD NORBERT WIENER Y EL COLEGIO DE CONTADORES P\u00daBLICOS DE LIMA"},"content":{"rendered":"\n<p>La Universidad Norbert Wiener y el Colegio de Contadores P\u00fablicos de Lima suscribieron un importante convenio de cooperaci\u00f3n interinstitucional que permitir\u00e1 a los colegiados de la entidad profesional en menci\u00f3n acceder a nuestros programas acad\u00e9micos con descuentos corporativos.<\/p>\n\n\n\n<p>El convenio tiene una vigencia de dos a\u00f1os a partir de su suscripci\u00f3n (23 de setiembre 2022), y fue firmado por el rector de la Universidad Norbert Wiener, doctor Andr\u00e9s Velarde Talleri; y el <a>decano del Colegio de Contadores P\u00fablicos de Lima, Rafael Vel\u00e1squez Soriano.<\/a><\/p>\n\n\n\n<p>El objetivo de esta alianza es organizar y desarrollar programas conjuntos que contribuyan a mejorar el nivel profesional y acad\u00e9mico de los miembros del Colegio de Contadores P\u00fablicos de Lima. En ese sentido, la Universidad Norbert Wiener se compromete a establecer tarifas preferenciales, correspondiente a acuerdos, para los diferentes programas que ofrece la Escuela de Posgrado.<\/p>\n\n\n\n<p>El convenio beneficiar\u00e1 tanto a los contadores p\u00fablicos colegiados como a los trabajadores del Colegio, as\u00ed como a sus familiares directos (c\u00f3nyuge e hijos) quienes podr\u00e1n acceder a los diversos programas de maestr\u00edas, segundas especialidades, diplomados, programas de especializaci\u00f3n, formaci\u00f3n corporativa, entre otros.<\/p>\n\n\n\n<p>Asimismo, se otorgar\u00e1n descuentos corporativos en los servicios del Centro de Terapia F\u00edsica y Cl\u00ednica Odontol\u00f3gica de la Universidad Norbert Wiener, seg\u00fan la tarifa corporativa vigente en el momento que el beneficiario solicita el servicio.<\/p>\n\n\n\n<p>La firma del convenio se realiz\u00f3 en la Escuela de Posgrado de la Universidad Norbert Wiener por el decano del Colegio de Contadores P\u00fablicos de Lima, Rafael Vel\u00e1squez Soriano. En representaci\u00f3n del rector de la Universidad Norbert Wiener, doctor Andr\u00e9s Velarde Talleri, estuvo presente el director de la Escuela de Posgrado, Guillermo Raffo Ibarra.<\/p>\n\n\n\n<p>Asistieron tambi\u00e9n, Rosa Guti\u00e9rrez Guerrero, directora de Actividades Profesionales del Colegio de Contadores P\u00fablicos de Lima; Francisco Zapata Maldonado, director de Asuntos Universitarios; y David Bautista Izquierdo, director secretario; as\u00ed como Enrique Garc\u00eda, ejecutivo de convenios de la Escuela de Posgrado de la Universidad Norbert Wiener; e Isabel Gonz\u00e1lez Rivera, subgerente Comercial.<\/p>\n","protected":false},"excerpt":{"rendered":"<p>La Universidad Norbert Wiener y el Colegio de Contadores P\u00fablicos de Lima suscribieron un importante convenio de cooperaci\u00f3n interinstitucional que permitir\u00e1 a los colegiados de la entidad profesional en menci\u00f3n acceder a nuestros programas acad\u00e9micos con descuentos corporativos. El convenio tiene una vigencia de dos a\u00f1os a partir de su suscripci\u00f3n (23 de setiembre 2022), [&hellip;]<\/p>\n","protected":false},"author":4,"featured_media":2372,"comment_status":"open","ping_status":"open","sticky":false,"template":"","format":"standard","meta":{"footnotes":""},"categories":[25],"tags":[],"class_list":["post-2371","post","type-post","status-publish","format-standard","has-post-thumbnail","hentry","category-epgwiener"],"custom_fields_data":{"inline_featured_image":["0"],"hcf_post_fecha":[""],"hcf_post_timeI":[""],"hcf_post_timeF":[""],"hcf_post_lugar":[""],"hcf_post_ingreso":[""],"hcf_post_recomendados":[""],"hcf_post_anexos":[""],"hcf_post_email":[""],"hcf_post_url_face":[""],"hcf_fecha_blog":["2022-09-29"],"hcf_destacado_blog":["on"],"hcf_imagenes":["[{\"image\":\"https:\/\/posgrado.uwiener.edu.pe\/actividades\/wp-content\/uploads\/2022\/09\/Col.-Contadores-3-80.jpg\",\"leyenda\":\"Rafael Vel\u00e1squez, decano del Colegio de Contadores P\u00fablicos de Lima; y Guillermo Raffo, director de la Escuela de Posgrado de la Universidad Norbert Wiener.\"},{\"image\":\"https:\/\/posgrado.uwiener.edu.pe\/actividades\/wp-content\/uploads\/2022\/09\/Col.-Contadores-1-80.jpg\",\"leyenda\":\"Representantes de la Universidad Norbert Wiener y del Colegio de Contadores P\u00fablicos de Lima.\"},{\"image\":\"https:\/\/posgrado.uwiener.edu.pe\/actividades\/wp-content\/uploads\/2022\/09\/Col.-Contadores-2-80.jpg\",\"leyenda\":\"Tras la firma del convenio, nuestros aliados recibieron unos presentes.  \"}]"],"hcf_thumb_500":[""],"hcf_thumb_1600":[""],"hcf_destacada":[""],"_edit_lock":["1681177042:4"],"_thumbnail_id":["2372"],"_edit_last":["4"],"_field_new_1":[""],"_field_new_2":[""],"_field_new_3":[""],"_field_new_4":[""],"_field_new_5":[""],"_field_new_6":[""],"_field_new_7":[""],"_field_new_8":[""],"_field_new_9":[""],"_field_new_10":[""],"rank_math_internal_links_processed":["1"]},"_links":{"self":[{"href":"https:\/\/posgrado.uwiener.edu.pe\/actividades\/wp-json\/wp\/v2\/posts\/2371"}],"collection":[{"href":"https:\/\/posgrado.uwiener.edu.pe\/actividades\/wp-json\/wp\/v2\/posts"}],"about":[{"href":"https:\/\/posgrado.uwiener.edu.pe\/actividades\/wp-json\/wp\/v2\/types\/post"}],"author":[{"embeddable":true,"href":"https:\/\/posgrado.uwiener.edu.pe\/actividades\/wp-json\/wp\/v2\/users\/4"}],"replies":[{"embeddable":true,"href":"https:\/\/posgrado.uwiener.edu.pe\/actividades\/wp-json\/wp\/v2\/comments?post=2371"}],"version-history":[{"count":1,"href":"https:\/\/posgrado.uwiener.edu.pe\/actividades\/wp-json\/wp\/v2\/posts\/2371\/revisions"}],"predecessor-version":[{"id":2375,"href":"https:\/\/posgrado.uwiener.edu.pe\/actividades\/wp-json\/wp\/v2\/posts\/2371\/revisions\/2375"}],"wp:featuredmedia":[{"embeddable":true,"href":"https:\/\/posgrado.uwiener.edu.pe\/actividades\/wp-json\/wp\/v2\/media\/2372"}],"wp:attachment":[{"href":"https:\/\/posgrado.uwiener.edu.pe\/actividades\/wp-json\/wp\/v2\/media?parent=2371"}],"wp:term":[{"taxonomy":"category","embeddable":true,"href":"https:\/\/posgrado.uwiener.edu.pe\/actividades\/wp-json\/wp\/v2\/categories?post=2371"},{"taxonomy":"post_tag","embeddable":true,"href":"https:\/\/posgrado.uwiener.edu.pe\/actividades\/wp-json\/wp\/v2\/tags?post=2371"}],"curies":[{"name":"wp","href":"https:\/\/api.w.org\/{rel}","templated":true}]}}