
{"id":2423,"date":"2022-10-13T13:28:35","date_gmt":"2022-10-13T18:28:35","guid":{"rendered":"https:\/\/posgrado.uwiener.edu.pe\/actividades\/?p=2423"},"modified":"2023-04-10T20:38:53","modified_gmt":"2023-04-11T01:38:53","slug":"escuela-de-posgrado-de-la-universidad-norbert-wiener-forma-parte-de-la-catedra-unesco-politicas-publicas-de-prevencion-de-violencia-contra-las-mujeres","status":"publish","type":"post","link":"https:\/\/posgrado.uwiener.edu.pe\/actividades\/noticias\/epgwiener\/escuela-de-posgrado-de-la-universidad-norbert-wiener-forma-parte-de-la-catedra-unesco-politicas-publicas-de-prevencion-de-violencia-contra-las-mujeres\/","title":{"rendered":"ESCUELA DE POSGRADO DE LA UNIVERSIDAD NORBERT WIENER INTEGRA LA C\u00c1TEDRA UNESCO: POL\u00cdTICAS P\u00daBLICAS DE PREVENCI\u00d3N DE VIOLENCIA CONTRA LAS MUJERES"},"content":{"rendered":"\n<p>La Escuela de Posgrado de la Universidad Norbert Wiener acept\u00f3 la invitaci\u00f3n de la doctora Emma L\u00f3pez Rodr\u00edguez, directora de la C\u00e1tedra UNESCO: Pol\u00edticas p\u00fablicas de prevenci\u00f3n de violencia contra las mujeres, para formar parte de ella en calidad de aliados, y trabajar juntos en el logro de los objetivos de la Agenda 2030.<\/p>\n\n\n\n<p>La C\u00e1tedra UNESCO tiene como objetivo avanzar y mejorar el desarrollo de la investigaci\u00f3n, la capacitaci\u00f3n y los programas de desarrollo de la educaci\u00f3n superior, a trav\u00e9s de la construcci\u00f3n de redes universitarias, del fomento de la cooperaci\u00f3n interuniversitaria, y de la transferencia de conocimientos.<\/p>\n\n\n\n<p>La carta de intenci\u00f3n para participar en la C\u00e1tedra UNESCO, firmada por el director de la Escuela de Posgrado, Guillermo Raffo, expresa la voluntad de nuestra EPG de participar en el proyecto como aliados en el desarrollo de actividades de manera articulada entre la academia, la sociedad civil y los estamentos gubernamentales, frente a la problem\u00e1tica que vulnera los derechos humanos de las mujeres y ni\u00f1as.<\/p>\n\n\n\n<p>Los beneficiarios de esta importante alianza ser\u00e1n nuestros estudiantes, docentes e investigadores, pues la C\u00e1tedra es un espacio para la gesti\u00f3n de conocimientos y el desarrollo de acciones encaminadas al di\u00e1logo entre distintos actores en Iberoam\u00e9rica, lo que generar\u00e1 la reflexi\u00f3n, formaci\u00f3n e investigaci\u00f3n acerca de pol\u00edticas p\u00fablicas dirigidas a la protecci\u00f3n, prevenci\u00f3n y desestructuraci\u00f3n de la violencia contra las mujeres. En ese sentido, los ejes tem\u00e1ticos que aborda son actividades de educaci\u00f3n y formaci\u00f3n, investigaci\u00f3n, comunicaci\u00f3n y difusi\u00f3n, sostenibilidad e incidencia.<\/p>\n\n\n\n<p>Asimismo, busca generar y afianzar el di\u00e1logo con interdisciplinariedad e inclusi\u00f3n de la sociedad civil, y ahondar en los temas de violencia hacia las mujeres con la finalidad de abordar las pol\u00edticas p\u00fablicas destinadas a la prevenci\u00f3n.<\/p>\n\n\n\n<p>Del mismo modo, desarrollar proyectos de investigaci\u00f3n desde la academia, acerca de los derechos de las mujeres y abordar los temas de las nuevas tecnolog\u00edas de informaci\u00f3n y comunicaci\u00f3n, para dar a conocer las actividades que realiza la C\u00e1tedra en el marco de los Objetivos de Desarrollo Sostenible.<\/p>\n","protected":false},"excerpt":{"rendered":"<p>La Escuela de Posgrado de la Universidad Norbert Wiener acept\u00f3 la invitaci\u00f3n de la doctora Emma L\u00f3pez Rodr\u00edguez, directora de la C\u00e1tedra UNESCO: Pol\u00edticas p\u00fablicas de prevenci\u00f3n de violencia contra las mujeres, para formar parte de ella en calidad de aliados, y trabajar juntos en el logro de los objetivos de la Agenda 2030. La [&hellip;]<\/p>\n","protected":false},"author":4,"featured_media":2424,"comment_status":"open","ping_status":"open","sticky":false,"template":"","format":"standard","meta":{"footnotes":""},"categories":[25],"tags":[],"class_list":["post-2423","post","type-post","status-publish","format-standard","has-post-thumbnail","hentry","category-epgwiener"],"custom_fields_data":{"inline_featured_image":["0"],"hcf_post_fecha":[""],"hcf_post_timeI":[""],"hcf_post_timeF":[""],"hcf_post_lugar":[""],"hcf_post_ingreso":[""],"hcf_post_recomendados":[""],"hcf_post_anexos":[""],"hcf_post_email":[""],"hcf_post_url_face":[""],"hcf_fecha_blog":["2022-10-13"],"hcf_destacado_blog":["on"],"hcf_imagenes":["[{\"image\":\"https:\/\/posgrado.uwiener.edu.pe\/actividades\/wp-content\/uploads\/2022\/10\/UNESCO-1-80.jpg\",\"leyenda\":\"\"},{\"image\":\"https:\/\/posgrado.uwiener.edu.pe\/actividades\/wp-content\/uploads\/2022\/10\/UNESCO-2-80.jpg\",\"leyenda\":\"El director de la Escuela de Posgrado, Guillermo Raffo, firm\u00f3 la carta de intenci\u00f3n para participar en la C\u00e1tedra UNESCO.\"}]"],"hcf_thumb_500":[""],"hcf_thumb_1600":[""],"hcf_destacada":[""],"_edit_lock":["1681177041:4"],"_edit_last":["4"],"_thumbnail_id":["2424"],"_field_new_1":[""],"_field_new_2":[""],"_field_new_3":[""],"_field_new_4":[""],"_field_new_5":[""],"_field_new_6":[""],"_field_new_7":[""],"_field_new_8":[""],"_field_new_9":[""],"_field_new_10":[""],"rank_math_internal_links_processed":["1"]},"_links":{"self":[{"href":"https:\/\/posgrado.uwiener.edu.pe\/actividades\/wp-json\/wp\/v2\/posts\/2423"}],"collection":[{"href":"https:\/\/posgrado.uwiener.edu.pe\/actividades\/wp-json\/wp\/v2\/posts"}],"about":[{"href":"https:\/\/posgrado.uwiener.edu.pe\/actividades\/wp-json\/wp\/v2\/types\/post"}],"author":[{"embeddable":true,"href":"https:\/\/posgrado.uwiener.edu.pe\/actividades\/wp-json\/wp\/v2\/users\/4"}],"replies":[{"embeddable":true,"href":"https:\/\/posgrado.uwiener.edu.pe\/actividades\/wp-json\/wp\/v2\/comments?post=2423"}],"version-history":[{"count":2,"href":"https:\/\/posgrado.uwiener.edu.pe\/actividades\/wp-json\/wp\/v2\/posts\/2423\/revisions"}],"predecessor-version":[{"id":2443,"href":"https:\/\/posgrado.uwiener.edu.pe\/actividades\/wp-json\/wp\/v2\/posts\/2423\/revisions\/2443"}],"wp:featuredmedia":[{"embeddable":true,"href":"https:\/\/posgrado.uwiener.edu.pe\/actividades\/wp-json\/wp\/v2\/media\/2424"}],"wp:attachment":[{"href":"https:\/\/posgrado.uwiener.edu.pe\/actividades\/wp-json\/wp\/v2\/media?parent=2423"}],"wp:term":[{"taxonomy":"category","embeddable":true,"href":"https:\/\/posgrado.uwiener.edu.pe\/actividades\/wp-json\/wp\/v2\/categories?post=2423"},{"taxonomy":"post_tag","embeddable":true,"href":"https:\/\/posgrado.uwiener.edu.pe\/actividades\/wp-json\/wp\/v2\/tags?post=2423"}],"curies":[{"name":"wp","href":"https:\/\/api.w.org\/{rel}","templated":true}]}}