
{"id":2657,"date":"2023-02-08T19:28:49","date_gmt":"2023-02-09T00:28:49","guid":{"rendered":"https:\/\/posgrado.uwiener.edu.pe\/actividades\/?p=2657"},"modified":"2023-03-24T16:12:42","modified_gmt":"2023-03-24T21:12:42","slug":"convenio-suscrito-entre-la-universidad-norbert-wiener-y-el-colegio-de-enfermeros-del-peru-promovera-la-capacitacion-continua-de-los-miembros-de-ambas-instituciones","status":"publish","type":"post","link":"https:\/\/posgrado.uwiener.edu.pe\/actividades\/noticias\/epgwiener\/convenio-suscrito-entre-la-universidad-norbert-wiener-y-el-colegio-de-enfermeros-del-peru-promovera-la-capacitacion-continua-de-los-miembros-de-ambas-instituciones\/","title":{"rendered":"CONVENIO SUSCRITO ENTRE LA UNIVERSIDAD NORBERT WIENER Y EL COLEGIO DE ENFERMEROS DEL PER\u00da PROMOVER\u00c1 LA CAPACITACI\u00d3N CONTINUA DE LOS MIEMBROS DE AMBAS INSTITUCIONES"},"content":{"rendered":"\n<p>La Universidad Norbert Wiener y el Colegio de Enfermeros del Per\u00fa suscribieron un convenio marco de cooperaci\u00f3n interinstitucional que tiene por objeto promover la capacitaci\u00f3n continua de los miembros de las instituciones aliadas, mediante programas de segundas especialidades, cursos, conferencias y seminarios.<\/p>\n\n\n\n<p>Asimismo, fomentar el intercambio mutuo de los diferentes servicios que brindan ambas instituciones, de acuerdo a las condiciones que se establezcan en cada convenio espec\u00edfico.<\/p>\n\n\n\n<p>Entre los compromisos adquiridos por ambas instituciones, se establece planificar, organizar, ejecutar y dirigir el desarrollo de los cursos de actualizaci\u00f3n, seminarios, talleres, conferencias magistrales, entre otras actividades de \u00edndole acad\u00e9mico, as\u00ed como la implementaci\u00f3n conjunta de programas de investigaci\u00f3n formativa, cient\u00edfica y tecnol\u00f3gica que permitan potenciar las competencias de sus asociados.<\/p>\n\n\n\n<p>El convenio tiene una vigencia de cinco a\u00f1os y fue firmado el 1 de febrero por la doctora Josefa V\u00e1squez Cevallos, decana nacional del Colegio de Enfermeros del Per\u00fa, y el doctor Andr\u00e9s Velarde Talleri, rector de la Universidad Norbert Wiener, representado por el magister Manuel Mayorga, director ejecutivo de la Facultad de Ciencias de la Salud.<\/p>\n\n\n\n<p>La suscripci\u00f3n de este importante acuerdo se llev\u00f3 a cabo en la sede del Colegio de Enfermeros del Per\u00fa. Estuvieron presentes, adem\u00e1s de los firmantes, la directora de la EAP de Enfermer\u00eda de la UNW, Susan Gonz\u00e1les; la subgerente comercial de la Escuela de Posgrado, Isabel Gonz\u00e1lez; la coordinadora de los programas de segunda especialidad, Elena Z\u00fa\u00f1iga; y el ejecutivo de convenios, Enrique Garc\u00eda.<\/p>\n\n\n\n<p>Asistieron tambi\u00e9n enfermeras colegiadas, a quienes se les inform\u00f3 sobre los beneficios de nuestros programas acad\u00e9micos de pregrado, posgrado y de segundas especialidades, a los que podr\u00e1n acceder mediante tarifas preferenciales correspondientes a convenios, al igual que sus familiares directos (hijos y c\u00f3nyuge).<\/p>\n\n\n\n<p>Los beneficios del convenio alcanzan tanto a los colegiados como a los colaboradores del Colegio, quienes adem\u00e1s tendr\u00e1n descuentos corporativos en los servicios del Centro de Terapia F\u00edsica y Cl\u00ednica Odontol\u00f3gica de la Universidad Norbert Wiener, seg\u00fan la tarifa corporativa vigente en el momento que el beneficiario solicite el servicio.&nbsp;<\/p>\n","protected":false},"excerpt":{"rendered":"<p>La Universidad Norbert Wiener y el Colegio de Enfermeros del Per\u00fa suscribieron un convenio marco de cooperaci\u00f3n interinstitucional que tiene por objeto promover la capacitaci\u00f3n continua de los miembros de las instituciones aliadas, mediante programas de segundas especialidades, cursos, conferencias y seminarios. Asimismo, fomentar el intercambio mutuo de los diferentes servicios que brindan ambas instituciones, [&hellip;]<\/p>\n","protected":false},"author":4,"featured_media":2658,"comment_status":"open","ping_status":"open","sticky":false,"template":"","format":"standard","meta":{"footnotes":""},"categories":[25],"tags":[],"class_list":["post-2657","post","type-post","status-publish","format-standard","has-post-thumbnail","hentry","category-epgwiener"],"custom_fields_data":{"inline_featured_image":["0"],"hcf_post_fecha":[""],"hcf_post_timeI":[""],"hcf_post_timeF":[""],"hcf_post_lugar":[""],"hcf_post_ingreso":[""],"hcf_post_recomendados":[""],"hcf_post_anexos":[""],"hcf_post_email":[""],"hcf_post_url_face":[""],"hcf_fecha_blog":["2023-02-08"],"hcf_destacado_blog":["on"],"hcf_imagenes":["[{\"image\":\"https:\/\/posgrado.uwiener.edu.pe\/actividades\/wp-content\/uploads\/2023\/02\/Col.-Enfermeros-1-80.jpg\",\"leyenda\":\"Manuel Mayorga, director ejecutivo de la Facultad de Ciencias de la Salud de la UNW, y Josefa V\u00e1squez, decana nacional del Colegio de Enfermeros del Per\u00fa.\"},{\"image\":\"https:\/\/posgrado.uwiener.edu.pe\/actividades\/wp-content\/uploads\/2023\/02\/Col.-Enfermeros-3-80.jpg\",\"leyenda\":\"Representantes del Colegio de Enfermeros del Per\u00fa y de la Universidad Norbert Wiener. \"},{\"image\":\"https:\/\/posgrado.uwiener.edu.pe\/actividades\/wp-content\/uploads\/2023\/02\/Col.-Enfermeros-4-80.jpg\",\"leyenda\":\"La firma del convenio se realiz\u00f3 en la sede del Colegio de Enfermeros del Per\u00fa.\"},{\"image\":\"https:\/\/posgrado.uwiener.edu.pe\/actividades\/wp-content\/uploads\/2023\/02\/Col.-Enfermeros-2-80.jpg\",\"leyenda\":\"De izquierda a derecha: Manuel Mayorga, Josefa V\u00e1squez y Enrique Garc\u00eda, ejecutivo de convenios de la Escuela de Posgrado.  \"}]"],"hcf_thumb_500":[""],"hcf_thumb_1600":[""],"hcf_destacada":[""],"_edit_lock":["1679692368:4"],"_thumbnail_id":["2658"],"_edit_last":["4"],"_field_new_1":[""],"_field_new_2":[""],"_field_new_3":[""],"_field_new_4":[""],"_field_new_5":[""],"_field_new_6":[""],"_field_new_7":[""],"_field_new_8":[""],"_field_new_9":[""],"_field_new_10":[""],"rank_math_internal_links_processed":["1"]},"_links":{"self":[{"href":"https:\/\/posgrado.uwiener.edu.pe\/actividades\/wp-json\/wp\/v2\/posts\/2657"}],"collection":[{"href":"https:\/\/posgrado.uwiener.edu.pe\/actividades\/wp-json\/wp\/v2\/posts"}],"about":[{"href":"https:\/\/posgrado.uwiener.edu.pe\/actividades\/wp-json\/wp\/v2\/types\/post"}],"author":[{"embeddable":true,"href":"https:\/\/posgrado.uwiener.edu.pe\/actividades\/wp-json\/wp\/v2\/users\/4"}],"replies":[{"embeddable":true,"href":"https:\/\/posgrado.uwiener.edu.pe\/actividades\/wp-json\/wp\/v2\/comments?post=2657"}],"version-history":[{"count":2,"href":"https:\/\/posgrado.uwiener.edu.pe\/actividades\/wp-json\/wp\/v2\/posts\/2657\/revisions"}],"predecessor-version":[{"id":2663,"href":"https:\/\/posgrado.uwiener.edu.pe\/actividades\/wp-json\/wp\/v2\/posts\/2657\/revisions\/2663"}],"wp:featuredmedia":[{"embeddable":true,"href":"https:\/\/posgrado.uwiener.edu.pe\/actividades\/wp-json\/wp\/v2\/media\/2658"}],"wp:attachment":[{"href":"https:\/\/posgrado.uwiener.edu.pe\/actividades\/wp-json\/wp\/v2\/media?parent=2657"}],"wp:term":[{"taxonomy":"category","embeddable":true,"href":"https:\/\/posgrado.uwiener.edu.pe\/actividades\/wp-json\/wp\/v2\/categories?post=2657"},{"taxonomy":"post_tag","embeddable":true,"href":"https:\/\/posgrado.uwiener.edu.pe\/actividades\/wp-json\/wp\/v2\/tags?post=2657"}],"curies":[{"name":"wp","href":"https:\/\/api.w.org\/{rel}","templated":true}]}}