
{"id":2699,"date":"2023-02-14T16:01:37","date_gmt":"2023-02-14T21:01:37","guid":{"rendered":"https:\/\/posgrado.uwiener.edu.pe\/actividades\/?p=2699"},"modified":"2023-03-24T16:12:40","modified_gmt":"2023-03-24T21:12:40","slug":"universidad-norbert-wiener-y-colegio-de-profesores-del-peru-suscriben-convenio-de-cooperacion-interinstitucional","status":"publish","type":"post","link":"https:\/\/posgrado.uwiener.edu.pe\/actividades\/noticias\/epgwiener\/universidad-norbert-wiener-y-colegio-de-profesores-del-peru-suscriben-convenio-de-cooperacion-interinstitucional\/","title":{"rendered":"UNIVERSIDAD NORBERT WIENER Y COLEGIO DE PROFESORES DEL PER\u00da SUSCRIBEN CONVENIO DE COOPERACI\u00d3N INTERINSTITUCIONAL"},"content":{"rendered":"\n<p>La Universidad Norbert Wiener y el Colegio de Profesores del Per\u00fa firmaron un convenio marco de cooperaci\u00f3n interinstitucional en beneficio de sus asociados, quienes tendr\u00e1n la oportunidad de fortalecer sus competencias profesionales mediante los programas de especializaci\u00f3n, cursos, conferencias, talleres y seminarios, entre otras actividades acad\u00e9micas, que se agendar\u00e1n con ese fin.&nbsp;<\/p>\n\n\n\n<p>El acuerdo fue suscrito, el 6 de febrero en nuestra sede institucional, por el decano nacional del Colegio de Profesores del Per\u00fa, Pablo Oca\u00f1a Alejo; el director nacional de Asuntos Administrativos y Jur\u00eddicos, Carlos Huiman Espinoza; y el rector de la Universidad Norbert Wiener, Andr\u00e9s Velarde Talleri, representado por el director de la Escuela de Posgrado, Guillermo Raffo Ibarra.<\/p>\n\n\n\n<p>El convenio, con vigencia de dos a\u00f1os, tiene como objetivo establecer un marco general de colaboraci\u00f3n entre las instituciones aliadas para el desarrollo conjunto de proyectos, actividades y programas de inter\u00e9s com\u00fan, que contribuyan a promover la capacitaci\u00f3n continua de los miembros, tanto del Colegio como de la Universidad.<\/p>\n\n\n\n<p>Del mismo modo, fomentar el intercambio mutuo de los diferentes servicios que brindan, de acuerdo a las condiciones que se establezcan en cada convenio espec\u00edfico.<\/p>\n\n\n\n<p>Para la puesta en pr\u00e1ctica de esta importante alianza, ambas instituciones se comprometen a planificar, organizar, ejecutar y dirigir el desarrollo de los cursos de actualizaci\u00f3n, seminarios, talleres, conferencias magistrales con la participaci\u00f3n de nuestros docentes, del Colegio de Profesores y de otras entidades nacionales y extranjeras.<\/p>\n\n\n\n<p>Asimismo, las instituciones aliadas asumen el compromiso de la implementaci\u00f3n conjunta de programas de investigaci\u00f3n formativa, cient\u00edfica y tecnol\u00f3gica que permitan potenciar las competencias de sus asociados.<\/p>\n\n\n\n<p>Cabe indicar que los beneficios del acuerdo alcanzan tanto a los colegiados como a los colaboradores del Colegio, as\u00ed como a sus familiares directos (c\u00f3nyuge e hijos), quienes podr\u00e1n acceder a los diversos programas que ofrece la Universidad Norbert Wiener en pregrado, posgrado y el Centro de Idiomas, con la tarifa preferencial correspondiente a convenios.&nbsp;<\/p>\n\n\n\n<p>Adem\u00e1s de ello, tendr\u00e1n descuentos corporativos en los servicios del Centro de Terapia F\u00edsica y Cl\u00ednica Odontol\u00f3gica de la Universidad Norbert Wiener, seg\u00fan la tarifa corporativa vigente en el momento que el beneficiario solicite el servicio.<\/p>\n","protected":false},"excerpt":{"rendered":"<p>La Universidad Norbert Wiener y el Colegio de Profesores del Per\u00fa firmaron un convenio marco de cooperaci\u00f3n interinstitucional en beneficio de sus asociados, quienes tendr\u00e1n la oportunidad de fortalecer sus competencias profesionales mediante los programas de especializaci\u00f3n, cursos, conferencias, talleres y seminarios, entre otras actividades acad\u00e9micas, que se agendar\u00e1n con ese fin.&nbsp; El acuerdo fue [&hellip;]<\/p>\n","protected":false},"author":4,"featured_media":2700,"comment_status":"open","ping_status":"open","sticky":false,"template":"","format":"standard","meta":{"footnotes":""},"categories":[25],"tags":[],"class_list":["post-2699","post","type-post","status-publish","format-standard","has-post-thumbnail","hentry","category-epgwiener"],"custom_fields_data":{"inline_featured_image":["0"],"hcf_post_fecha":[""],"hcf_post_timeI":[""],"hcf_post_timeF":[""],"hcf_post_lugar":[""],"hcf_post_ingreso":[""],"hcf_post_recomendados":[""],"hcf_post_anexos":[""],"hcf_post_email":[""],"hcf_post_url_face":[""],"hcf_fecha_blog":["2023-02-14"],"hcf_destacado_blog":["on"],"hcf_imagenes":["[{\"image\":\"https:\/\/posgrado.uwiener.edu.pe\/actividades\/wp-content\/uploads\/2023\/02\/Fotos-posgrado-3-80.jpg\",\"leyenda\":\"Pablo Oca\u00f1a, decano nacional del Colegio de Profesores del Per\u00fa, y Guillermo Raffo, director de la Escuela de Posgrado de la UNW.\"},{\"image\":\"https:\/\/posgrado.uwiener.edu.pe\/actividades\/wp-content\/uploads\/2023\/02\/Fotos-posgrado-2-80.jpg\",\"leyenda\":\"De izquierda a derecha: Carlos Huiman, director nacional de Asuntos Administrativos y Jur\u00eddicos del Colegio de Profesores del Per\u00fa, Pablo Oca\u00f1a, y Guillermo Raffo.\"},{\"image\":\"https:\/\/posgrado.uwiener.edu.pe\/actividades\/wp-content\/uploads\/2023\/02\/Fotos-posgrado-4-80.jpg\",\"leyenda\":\"Los firmantes acompa\u00f1ados de representantes del Colegio de Profesores del Per\u00fa y de la Universidad Norbert Wiener.\"}]"],"hcf_thumb_500":[""],"hcf_thumb_1600":[""],"hcf_destacada":[""],"_edit_lock":["1679692367:4"],"_thumbnail_id":["2700"],"_edit_last":["4"],"_field_new_1":[""],"_field_new_2":[""],"_field_new_3":[""],"_field_new_4":[""],"_field_new_5":[""],"_field_new_6":[""],"_field_new_7":[""],"_field_new_8":[""],"_field_new_9":[""],"_field_new_10":[""],"rank_math_internal_links_processed":["1"]},"_links":{"self":[{"href":"https:\/\/posgrado.uwiener.edu.pe\/actividades\/wp-json\/wp\/v2\/posts\/2699"}],"collection":[{"href":"https:\/\/posgrado.uwiener.edu.pe\/actividades\/wp-json\/wp\/v2\/posts"}],"about":[{"href":"https:\/\/posgrado.uwiener.edu.pe\/actividades\/wp-json\/wp\/v2\/types\/post"}],"author":[{"embeddable":true,"href":"https:\/\/posgrado.uwiener.edu.pe\/actividades\/wp-json\/wp\/v2\/users\/4"}],"replies":[{"embeddable":true,"href":"https:\/\/posgrado.uwiener.edu.pe\/actividades\/wp-json\/wp\/v2\/comments?post=2699"}],"version-history":[{"count":1,"href":"https:\/\/posgrado.uwiener.edu.pe\/actividades\/wp-json\/wp\/v2\/posts\/2699\/revisions"}],"predecessor-version":[{"id":2703,"href":"https:\/\/posgrado.uwiener.edu.pe\/actividades\/wp-json\/wp\/v2\/posts\/2699\/revisions\/2703"}],"wp:featuredmedia":[{"embeddable":true,"href":"https:\/\/posgrado.uwiener.edu.pe\/actividades\/wp-json\/wp\/v2\/media\/2700"}],"wp:attachment":[{"href":"https:\/\/posgrado.uwiener.edu.pe\/actividades\/wp-json\/wp\/v2\/media?parent=2699"}],"wp:term":[{"taxonomy":"category","embeddable":true,"href":"https:\/\/posgrado.uwiener.edu.pe\/actividades\/wp-json\/wp\/v2\/categories?post=2699"},{"taxonomy":"post_tag","embeddable":true,"href":"https:\/\/posgrado.uwiener.edu.pe\/actividades\/wp-json\/wp\/v2\/tags?post=2699"}],"curies":[{"name":"wp","href":"https:\/\/api.w.org\/{rel}","templated":true}]}}