
{"id":3268,"date":"2023-06-30T21:06:18","date_gmt":"2023-07-01T02:06:18","guid":{"rendered":"https:\/\/posgrado.uwiener.edu.pe\/actividades\/?p=3268"},"modified":"2023-07-03T12:02:23","modified_gmt":"2023-07-03T17:02:23","slug":"universidad-norbert-wiener-y-consejo-regional-xviii-callao-del-colegio-medico-del-peru-suscriben-convenio-de-cooperacion-interinstitucional","status":"publish","type":"post","link":"https:\/\/posgrado.uwiener.edu.pe\/actividades\/noticias\/epgwiener\/universidad-norbert-wiener-y-consejo-regional-xviii-callao-del-colegio-medico-del-peru-suscriben-convenio-de-cooperacion-interinstitucional\/","title":{"rendered":"UNIVERSIDAD NORBERT WIENER Y CONSEJO REGIONAL XVIII-CALLAO DEL COLEGIO M\u00c9DICO DEL PER\u00da SUSCRIBEN CONVENIO DE COOPERACI\u00d3N INTERINSTITUCIONAL"},"content":{"rendered":"\n<p>La Universidad Norbert Wiener y el Consejo Regional XVIII-Callao del Colegio M\u00e9dico del Per\u00fa suscribieron un convenio de cooperaci\u00f3n interinstitucional en beneficio de los miembros de ambas instituciones, quienes tendr\u00e1n la oportunidad de fortalecer su formaci\u00f3n profesional mediante actividades acad\u00e9micas y de car\u00e1cter social.<\/p>\n\n\n\n<p>El acuerdo, cuya vigencia es de cinco a\u00f1os, tiene por objeto organizar y desarrollar programas conjuntos que contribuyan a mejorar el nivel profesional y acad\u00e9mico de los colegiados, as\u00ed como fomentar acciones de bienestar ofreciendo y desarrollando programas de formaci\u00f3n acad\u00e9mica, asign\u00e1ndoles a los beneficiarios la escala de tarifas preferenciales correspondiente a acuerdos.<\/p>\n\n\n\n<p>La firma protocolar del convenio se realiz\u00f3 el 23 de junio en la sede institucional del Consejo Regional XVIII-Callao del Colegio M\u00e9dico del Per\u00fa por el decano regional, doctor Luis Ortiz Pilco, y el director de la Escuela de Posgrado, Guillermo Raffo Ibarra, en representaci\u00f3n del rector de la Universidad Norbert Wiener, Andr\u00e9s Velarde Talleri.<\/p>\n\n\n\n<p>Adem\u00e1s de los firmantes estuvieron presentes el doctor Alejandro Ram\u00edrez Carrillo, tesorero del Colegio, y Enrique Garc\u00eda, ejecutivo de convenios de la Escuela de Posgrado.<\/p>\n\n\n\n<p>Cabe indicar que esta alianza beneficiar\u00e1 tanto a los colegiados como a los trabajadores del Colegio, as\u00ed como a sus familiares directos (c\u00f3nyuge e hijos) quienes podr\u00e1n acceder -con tarifas preferenciales, correspondientes a convenios- a los servicios educativos en las carreras profesionales de pregrado (a excepci\u00f3n de la carrera de Medicina Humana y el per\u00edodo de internado de las carreras de la Facultad de Ciencias de la Salud), programas de posgrado y Centro de Idiomas.<\/p>\n\n\n\n<p>Asimismo, se les otorgar\u00e1 descuentos corporativos en los servicios del Centro de Terapia F\u00edsica y Cl\u00ednica Odontol\u00f3gica de la Universidad Norbert Wiener, seg\u00fan la tarifa corporativa vigente en el momento que el beneficiario solicita el servicio.<\/p>\n\n\n\n<p>El acuerdo establece tambi\u00e9n la participaci\u00f3n de los miembros del Consejo Regional XVIII-Callao del Colegio M\u00e9dico del Per\u00fa (colegiados y trabajadores), de acuerdo al perfil requerido, en las campa\u00f1as de investigaci\u00f3n y de responsabilidad social que nuestra instituci\u00f3n educativa realice, as\u00ed como en las diferentes actividades de capacitaci\u00f3n (charlas, conferencias) dirigidas a nuestros estudiantes y egresados.<\/p>\n\n\n\n<p>Para el logro de los objetivos y el cumplimiento de los compromisos asumidos en el presente acuerdo, las instituciones aliadas designar\u00e1n un representante que se encargar\u00e1 de elaborar los lineamientos generales para el desarrollo del trabajo en conjunto, y evaluar e informar sobre los resultados de la cooperaci\u00f3n interinstitucional.<\/p>\n\n\n\n<p>Precisamente, en el marco de este convenio, la Escuela de Posgrado de la Universidad Norbert Wiener y el Consejo Regional XVIII-Callao del Colegio M\u00e9dico del Per\u00fa vienen trabajando en conjunto en la realizaci\u00f3n del diplomado en Auditor\u00eda M\u00e9dica en Calidad de Atenci\u00f3n al Cliente, programa que favorecer\u00e1 a los m\u00e9dicos colegiados, quienes podr\u00e1n obtener el registro de Auditor M\u00e9dico.&nbsp;<\/p>\n","protected":false},"excerpt":{"rendered":"<p>La Universidad Norbert Wiener y el Consejo Regional XVIII-Callao del Colegio M\u00e9dico del Per\u00fa suscribieron un convenio de cooperaci\u00f3n interinstitucional en beneficio de los miembros de ambas instituciones, quienes tendr\u00e1n la oportunidad de fortalecer su formaci\u00f3n profesional mediante actividades acad\u00e9micas y de car\u00e1cter social. El acuerdo, cuya vigencia es de cinco a\u00f1os, tiene por objeto [&hellip;]<\/p>\n","protected":false},"author":4,"featured_media":3269,"comment_status":"open","ping_status":"open","sticky":false,"template":"","format":"standard","meta":{"footnotes":""},"categories":[25],"tags":[],"class_list":["post-3268","post","type-post","status-publish","format-standard","has-post-thumbnail","hentry","category-epgwiener"],"custom_fields_data":{"inline_featured_image":["0"],"hcf_post_fecha":[""],"hcf_post_timeI":[""],"hcf_post_timeF":[""],"hcf_post_lugar":[""],"hcf_post_ingreso":[""],"hcf_post_recomendados":[""],"hcf_post_anexos":[""],"hcf_post_email":[""],"hcf_post_url_face":[""],"hcf_fecha_blog":["2023-06-30"],"hcf_destacado_blog":["on"],"hcf_imagenes":["[{\"image\":\"https:\/\/posgrado.uwiener.edu.pe\/actividades\/wp-content\/uploads\/2023\/06\/4-22.jpg\",\"leyenda\":\"Guillermo Raffo, director de la Escuela de Posgrado de la Universidad Norbert Wiener, y Luis Ortiz, decano del Consejo Regional XVIII-Callao del Colegio M\u00e9dico del Per\u00fa. \"},{\"image\":\"https:\/\/posgrado.uwiener.edu.pe\/actividades\/wp-content\/uploads\/2023\/06\/3-26.jpg\",\"leyenda\":\"La nueva alianza permitir\u00e1 a los colegiados y colaboradores de la instituci\u00f3n aliada acceder a los programas educativos que ofrece la UNW.\"},{\"image\":\"https:\/\/posgrado.uwiener.edu.pe\/actividades\/wp-content\/uploads\/2023\/06\/1-41.jpg\",\"leyenda\":\"El Dr. Luis Ortiz, decano regional, saludo la firma de este importante acuerdo que beneficiar\u00e1 tanto a los colegiados como a los colaboradores del Consejo Regional XVIII-Callao del CMP. \"}]"],"hcf_thumb_500":[""],"hcf_thumb_1600":[""],"hcf_destacada":[""],"_edit_lock":["1688403667:4"],"_thumbnail_id":["3269"],"_edit_last":["4"],"_field_new_1":[""],"_field_new_2":[""],"_field_new_3":[""],"_field_new_4":[""],"_field_new_5":[""],"_field_new_6":[""],"_field_new_7":[""],"_field_new_8":[""],"_field_new_9":[""],"_field_new_10":[""],"rank_math_internal_links_processed":["1"]},"_links":{"self":[{"href":"https:\/\/posgrado.uwiener.edu.pe\/actividades\/wp-json\/wp\/v2\/posts\/3268"}],"collection":[{"href":"https:\/\/posgrado.uwiener.edu.pe\/actividades\/wp-json\/wp\/v2\/posts"}],"about":[{"href":"https:\/\/posgrado.uwiener.edu.pe\/actividades\/wp-json\/wp\/v2\/types\/post"}],"author":[{"embeddable":true,"href":"https:\/\/posgrado.uwiener.edu.pe\/actividades\/wp-json\/wp\/v2\/users\/4"}],"replies":[{"embeddable":true,"href":"https:\/\/posgrado.uwiener.edu.pe\/actividades\/wp-json\/wp\/v2\/comments?post=3268"}],"version-history":[{"count":2,"href":"https:\/\/posgrado.uwiener.edu.pe\/actividades\/wp-json\/wp\/v2\/posts\/3268\/revisions"}],"predecessor-version":[{"id":3274,"href":"https:\/\/posgrado.uwiener.edu.pe\/actividades\/wp-json\/wp\/v2\/posts\/3268\/revisions\/3274"}],"wp:featuredmedia":[{"embeddable":true,"href":"https:\/\/posgrado.uwiener.edu.pe\/actividades\/wp-json\/wp\/v2\/media\/3269"}],"wp:attachment":[{"href":"https:\/\/posgrado.uwiener.edu.pe\/actividades\/wp-json\/wp\/v2\/media?parent=3268"}],"wp:term":[{"taxonomy":"category","embeddable":true,"href":"https:\/\/posgrado.uwiener.edu.pe\/actividades\/wp-json\/wp\/v2\/categories?post=3268"},{"taxonomy":"post_tag","embeddable":true,"href":"https:\/\/posgrado.uwiener.edu.pe\/actividades\/wp-json\/wp\/v2\/tags?post=3268"}],"curies":[{"name":"wp","href":"https:\/\/api.w.org\/{rel}","templated":true}]}}