
{"id":3280,"date":"2023-07-04T16:33:46","date_gmt":"2023-07-04T21:33:46","guid":{"rendered":"https:\/\/posgrado.uwiener.edu.pe\/actividades\/?p=3280"},"modified":"2023-07-04T16:33:47","modified_gmt":"2023-07-04T21:33:47","slug":"universidad-norbert-wiener-recibio-la-visita-de-la-vicepresidenta-de-iniciativas-globales-de-arizona-state-university","status":"publish","type":"post","link":"https:\/\/posgrado.uwiener.edu.pe\/actividades\/noticias\/liderazgo\/universidad-norbert-wiener-recibio-la-visita-de-la-vicepresidenta-de-iniciativas-globales-de-arizona-state-university\/","title":{"rendered":"UNIVERSIDAD NORBERT WIENER RECIBI\u00d3 LA VISITA DE LA VICEPRESIDENTA DE INICIATIVAS GLOBALES DE ARIZONA STATE UNIVERSITY"},"content":{"rendered":"\n<p>La vicepresidenta de Iniciativas Globales de Arizona State University (ASU), Julia Rosen, visit\u00f3 la Universidad Norbert Wiener en el marco de la alianza acad\u00e9mica de ambas instituciones para ofrecer una formaci\u00f3n de clase mundial en el Per\u00fa.<\/p>\n\n\n\n<p>Durante los dos d\u00edas de permanencia en el campus de la Universidad (29 y 30 de junio) la alta autoridad de la Universidad Estatal de Arizona cumpli\u00f3 una agenda de reuniones con sus pares acad\u00e9micos, y observ\u00f3 el avance de la actualizaci\u00f3n de los contenidos curriculares Wiener con el ADN de ASU, que se inici\u00f3 en el semestre 2023-I.<\/p>\n\n\n\n<p>Asimismo, realiz\u00f3 un recorrido por nuestros laboratorios y el Centro de Simulaci\u00f3n Cl\u00ednica de nuestra instituci\u00f3n educativa, espacios donde tuvo la oportunidad de compartir con nuestros estudiantes y docentes.<\/p>\n\n\n\n<p>Julia Rosen tiene una trayectoria de 20 a\u00f1os en funciones que han ayudado a la implementaci\u00f3n de tecnolog\u00eda educativa y al desarrollo de asociaciones globales para ASU; ha trabajado con socios p\u00fablicos y privados alrededor del mundo para dise\u00f1ar, negociar y lanzar colaboraciones innovadoras. En su trayectoria, ha ocupado cargos de vicerrectora asociada de ASU <em>online<\/em> y vicepresidenta asociada de innovaci\u00f3n y emprendimiento.<\/p>\n\n\n\n<p>Rosen tiene una Maestr\u00eda en Administraci\u00f3n de Empresas por la Escuela de Negocios WP Carey en ASU, y ha realizado investigaci\u00f3n en temas de universidad y empresa.<\/p>\n\n\n\n<p>Desde su actual posici\u00f3n, asumida en 2021, dirige un equipo que ejecuta las asociaciones globales de ASU con organizaciones como Cintana Education y la Fundaci\u00f3n Mastercard. A trav\u00e9s de Global Launch, la unidad tambi\u00e9n brinda capacitaci\u00f3n en competencias ling\u00fc\u00edsticas y culturales para estudiantes internacionales de ASU, as\u00ed como para estudiantes y profesionales de todo el mundo.<\/p>\n\n\n\n<p>Este primer contacto en el Per\u00fa con un representante de ASU es el inicio de la din\u00e1mica y efectividad de la alianza con una instituci\u00f3n educativa extranjera calificada y reconocida como la universidad n\u00famero uno en innovaci\u00f3n en Estados Unidos durante ocho a\u00f1os consecutivos, uni\u00f3n que potenciar\u00e1 el perfil acad\u00e9mico de los profesionales egresados de Wiener para obtener ilimitadas posibilidades de desarrollo.&nbsp;<\/p>\n\n\n\n<p>\u201cEl curr\u00edculum que nosotros tenemos est\u00e1 basado en un curr\u00edculum de aprendizaje activo, es decir que los estudiantes aprendan a tener una educaci\u00f3n relevante. Por ejemplo, que aprendan a trabajar en equipo, a resolver problemas, a actuar en el mundo, y a pensar de una manera cr\u00edtica, porque esas son las habilidades que el mercado requiere. Nosotros compartiremos, adem\u00e1s del curr\u00edculum, nuestra filosof\u00eda y la innovaci\u00f3n con la Universidad Norbert Wiener para beneficiar a los estudiantes\u201d, manifest\u00f3 Julia Rosen, en entrevista con RPP.<\/p>\n\n\n\n<p>En esta entrevista, Rosen tambi\u00e9n se refiri\u00f3 a la doble titulaci\u00f3n. \u201cEl 100 % de los estudiantes de la Universidad Norbert Wiener se beneficiar\u00e1 con el curr\u00edculum de ASU, pero un porcentaje de ellos, dependiendo el programa acad\u00e9mico, van a tener la oportunidad de participar en un programa de doble grado, porque el \u00faltimo a\u00f1o de la carrera lo pueden estudiar en ASU. De esa manera recibir\u00e1n una licenciatura de la Universidad Norbert Wiener y otra licenciatura de Arizona State University\u201d, indic\u00f3.<\/p>\n","protected":false},"excerpt":{"rendered":"<p>La vicepresidenta de Iniciativas Globales de Arizona State University (ASU), Julia Rosen, visit\u00f3 la Universidad Norbert Wiener en el marco de la alianza acad\u00e9mica de ambas instituciones para ofrecer una formaci\u00f3n de clase mundial en el Per\u00fa. Durante los dos d\u00edas de permanencia en el campus de la Universidad (29 y 30 de junio) la [&hellip;]<\/p>\n","protected":false},"author":4,"featured_media":0,"comment_status":"open","ping_status":"open","sticky":false,"template":"","format":"standard","meta":{"footnotes":""},"categories":[1],"tags":[],"class_list":["post-3280","post","type-post","status-publish","format-standard","hentry","category-liderazgo"],"custom_fields_data":{"inline_featured_image":["0"],"hcf_post_fecha":[""],"hcf_post_timeI":[""],"hcf_post_timeF":[""],"hcf_post_lugar":[""],"hcf_post_ingreso":[""],"hcf_post_recomendados":[""],"hcf_post_anexos":[""],"hcf_post_email":[""],"hcf_post_url_face":[""],"hcf_fecha_blog":["2023-07-04"],"hcf_destacado_blog":[""],"hcf_imagenes":["[{\"image\":\"https:\/\/posgrado.uwiener.edu.pe\/actividades\/wp-content\/uploads\/2023\/07\/1-44.jpg\",\"leyenda\":\"La vicepresidenta de Iniciativas Globales de Arizona State University (ASU), Julia Rosen, visit\u00f3 la Universidad Norbert Wiener.\"},{\"image\":\"https:\/\/posgrado.uwiener.edu.pe\/actividades\/wp-content\/uploads\/2023\/07\/3-29.jpg\",\"leyenda\":\"En el auditorio de la UNW, Julia Rosen se reuni\u00f3 con los directivos acad\u00e9micos para observar el avance de la actualizaci\u00f3n de los contenidos curriculares Wiener con el ADN de ASU.\"},{\"image\":\"https:\/\/posgrado.uwiener.edu.pe\/actividades\/wp-content\/uploads\/2023\/07\/2-35.jpg\",\"leyenda\":\"De izquierda a derecha: Olga Horna Horna, gerente general de la UNW, Julia Rosen, y Emiliano Diez, director general Global de Productos y Servicios de Cintana.\"},{\"image\":\"https:\/\/posgrado.uwiener.edu.pe\/actividades\/wp-content\/uploads\/2023\/07\/4-25.jpg\",\"leyenda\":\"\"}]"],"hcf_thumb_500":[""],"hcf_thumb_1600":[""],"hcf_destacada":[""],"_edit_lock":["1688506475:4"],"_edit_last":["4"],"_field_new_1":[""],"_field_new_2":[""],"_field_new_3":[""],"_field_new_4":[""],"_field_new_5":[""],"_field_new_6":[""],"_field_new_7":[""],"_field_new_8":[""],"_field_new_9":[""],"_field_new_10":[""],"rank_math_internal_links_processed":["1"]},"_links":{"self":[{"href":"https:\/\/posgrado.uwiener.edu.pe\/actividades\/wp-json\/wp\/v2\/posts\/3280"}],"collection":[{"href":"https:\/\/posgrado.uwiener.edu.pe\/actividades\/wp-json\/wp\/v2\/posts"}],"about":[{"href":"https:\/\/posgrado.uwiener.edu.pe\/actividades\/wp-json\/wp\/v2\/types\/post"}],"author":[{"embeddable":true,"href":"https:\/\/posgrado.uwiener.edu.pe\/actividades\/wp-json\/wp\/v2\/users\/4"}],"replies":[{"embeddable":true,"href":"https:\/\/posgrado.uwiener.edu.pe\/actividades\/wp-json\/wp\/v2\/comments?post=3280"}],"version-history":[{"count":1,"href":"https:\/\/posgrado.uwiener.edu.pe\/actividades\/wp-json\/wp\/v2\/posts\/3280\/revisions"}],"predecessor-version":[{"id":3285,"href":"https:\/\/posgrado.uwiener.edu.pe\/actividades\/wp-json\/wp\/v2\/posts\/3280\/revisions\/3285"}],"wp:attachment":[{"href":"https:\/\/posgrado.uwiener.edu.pe\/actividades\/wp-json\/wp\/v2\/media?parent=3280"}],"wp:term":[{"taxonomy":"category","embeddable":true,"href":"https:\/\/posgrado.uwiener.edu.pe\/actividades\/wp-json\/wp\/v2\/categories?post=3280"},{"taxonomy":"post_tag","embeddable":true,"href":"https:\/\/posgrado.uwiener.edu.pe\/actividades\/wp-json\/wp\/v2\/tags?post=3280"}],"curies":[{"name":"wp","href":"https:\/\/api.w.org\/{rel}","templated":true}]}}