
{"id":3292,"date":"2023-07-07T18:02:38","date_gmt":"2023-07-07T23:02:38","guid":{"rendered":"https:\/\/posgrado.uwiener.edu.pe\/actividades\/?p=3292"},"modified":"2023-07-12T12:46:58","modified_gmt":"2023-07-12T17:46:58","slug":"escuela-de-posgrado-de-la-universidad-norbert-wiener-organiza-foro-educativo-sobre-perspectivas-de-la-educacion-superior","status":"publish","type":"post","link":"https:\/\/posgrado.uwiener.edu.pe\/actividades\/noticias\/educacion\/escuela-de-posgrado-de-la-universidad-norbert-wiener-organiza-foro-educativo-sobre-perspectivas-de-la-educacion-superior\/","title":{"rendered":"ESCUELA DE POSGRADO DE LA UNIVERSIDAD NORBERT WIENER ORGANIZA FORO EDUCATIVO SOBRE PERSPECTIVAS DE LA EDUCACI\u00d3N SUPERIOR"},"content":{"rendered":"\n<p>La Escuela de Posgrado de la Universidad Norbert Wiener, a trav\u00e9s de su programa de Maestr\u00eda en Docencia Universitaria, organiza el Foro Educativo 2023, Perspectivas de la Educaci\u00f3n Superior, a realizarse el lunes 10 y martes 11 de julio, a las 6:00 p.m., por la plataforma Zoom de nuestra instituci\u00f3n educativa.<\/p>\n\n\n\n<p>Esta importante actividad acad\u00e9mica est\u00e1 dirigida a los estudiantes de la Maestr\u00eda en Docencia Universitaria de la Escuela de Posgrado, miembros de nuestra comunidad educativa, y p\u00fablico en general interesado en el tema.<\/p>\n\n\n\n<p>El objetivo del foro es presentar los principales retos de la educaci\u00f3n superior y sus implicancias en un entorno m\u00e1s cambiante, que demanda nuevas respuestas formativas por parte de todos los actores involucrados.<\/p>\n\n\n\n<p>Las conferencias se desarrollar\u00e1n en dos m\u00f3dulos. En el primero, participar\u00e1n el General FAP Jos\u00e9 Vera Guti\u00e9rrez, subdirector general de Educaci\u00f3n y Doctrina de la Fuerza A\u00e9rea del Per\u00fa, con el tema \u201cDesarrollo, calidad e innovaci\u00f3n en las Fuerzas Armadas\u201d; y Hayde\u00e9 Mancilla Rojas, magister en Problemas de Aprendizaje y docente de educaci\u00f3n superior, quien hablar\u00e1 sobre la educaci\u00f3n y los Objetivos de Desarrollo Sostenible.<\/p>\n\n\n\n<p>Asimismo, intervendr\u00e1 la doctora Paola Marroqu\u00edn Ciend\u00faa -asesora, consultora de modelos curriculares, pedag\u00f3gicos, proyectos educativos y sociales, y de calidad educativa- con la ponencia \u201cLa interculturalidad sin fronteras. Una apuesta global por la educaci\u00f3n superior\u201d.<\/p>\n\n\n\n<p>Para el segundo m\u00f3dulo se han programado las conferencias \u201cPresente y futuro de le educaci\u00f3n, a partir de la IA\u201d, a cargo de R\u00f3mulo Lomparte Alvarado, magister en Direcci\u00f3n de Negocios y catedr\u00e1tico de posgrado en diversas universidades; y \u201cTendencias del curr\u00edculum en la educaci\u00f3n superior\u201d, por Elisa D\u00edaz Ubilluz, doctora en Educaci\u00f3n, con estudios de especializaci\u00f3n en gerencia educativa e innovaci\u00f3n curricular.<\/p>\n\n\n\n<p>Cerrar\u00e1 este importante ciclo de conferencias, Saturnina Abarca Infa, magister en Docencia y Gesti\u00f3n Educativa, y docente de pregrado y posgrado, quien ofrecer\u00e1 la disertaci\u00f3n \u201cFormaci\u00f3n Universitaria\u201d.<\/p>\n\n\n\n<p>Para asistir al Foro Educativo 2023, Perspectivas de la Educaci\u00f3n Superior, previamente, inscribirse en el link <a href=\"https:\/\/forms.office.com\/r\/vKJ74eLaUN\" target=\"_blank\" rel=\"noopener\">https:\/\/forms.office.com\/r\/vKJ74eLaUN<\/a>. Se otorgar\u00e1 constancia por participaci\u00f3n.<\/p>\n","protected":false},"excerpt":{"rendered":"<p>La Escuela de Posgrado de la Universidad Norbert Wiener, a trav\u00e9s de su programa de Maestr\u00eda en Docencia Universitaria, organiza el Foro Educativo 2023, Perspectivas de la Educaci\u00f3n Superior, a realizarse el lunes 10 y martes 11 de julio, a las 6:00 p.m., por la plataforma Zoom de nuestra instituci\u00f3n educativa. Esta importante actividad acad\u00e9mica [&hellip;]<\/p>\n","protected":false},"author":4,"featured_media":3293,"comment_status":"open","ping_status":"open","sticky":false,"template":"","format":"standard","meta":{"footnotes":""},"categories":[26],"tags":[],"class_list":["post-3292","post","type-post","status-publish","format-standard","has-post-thumbnail","hentry","category-educacion"],"custom_fields_data":{"inline_featured_image":["0"],"hcf_post_fecha":[""],"hcf_post_timeI":[""],"hcf_post_timeF":[""],"hcf_post_lugar":[""],"hcf_post_ingreso":[""],"hcf_post_recomendados":[""],"hcf_post_anexos":[""],"hcf_post_email":[""],"hcf_post_url_face":[""],"hcf_fecha_blog":["2023-07-07"],"hcf_destacado_blog":["on"],"hcf_imagenes":["[{\"image\":\"https:\/\/posgrado.uwiener.edu.pe\/actividades\/wp-content\/uploads\/2023\/07\/5-12.jpg\",\"leyenda\":\"\"},{\"image\":\"https:\/\/posgrado.uwiener.edu.pe\/actividades\/wp-content\/uploads\/2023\/07\/6-10.jpg\",\"leyenda\":\"Conferencistas del Foro Educativo 2023, Perspectivas de la Educaci\u00f3n Superior.\"}]"],"hcf_thumb_500":[""],"hcf_thumb_1600":[""],"hcf_destacada":[""],"_edit_lock":["1689184150:4"],"_thumbnail_id":["3293"],"_edit_last":["4"],"_field_new_1":[""],"_field_new_2":[""],"_field_new_3":[""],"_field_new_4":[""],"_field_new_5":[""],"_field_new_6":[""],"_field_new_7":[""],"_field_new_8":[""],"_field_new_9":[""],"_field_new_10":[""],"rank_math_internal_links_processed":["1"]},"_links":{"self":[{"href":"https:\/\/posgrado.uwiener.edu.pe\/actividades\/wp-json\/wp\/v2\/posts\/3292"}],"collection":[{"href":"https:\/\/posgrado.uwiener.edu.pe\/actividades\/wp-json\/wp\/v2\/posts"}],"about":[{"href":"https:\/\/posgrado.uwiener.edu.pe\/actividades\/wp-json\/wp\/v2\/types\/post"}],"author":[{"embeddable":true,"href":"https:\/\/posgrado.uwiener.edu.pe\/actividades\/wp-json\/wp\/v2\/users\/4"}],"replies":[{"embeddable":true,"href":"https:\/\/posgrado.uwiener.edu.pe\/actividades\/wp-json\/wp\/v2\/comments?post=3292"}],"version-history":[{"count":3,"href":"https:\/\/posgrado.uwiener.edu.pe\/actividades\/wp-json\/wp\/v2\/posts\/3292\/revisions"}],"predecessor-version":[{"id":3309,"href":"https:\/\/posgrado.uwiener.edu.pe\/actividades\/wp-json\/wp\/v2\/posts\/3292\/revisions\/3309"}],"wp:featuredmedia":[{"embeddable":true,"href":"https:\/\/posgrado.uwiener.edu.pe\/actividades\/wp-json\/wp\/v2\/media\/3293"}],"wp:attachment":[{"href":"https:\/\/posgrado.uwiener.edu.pe\/actividades\/wp-json\/wp\/v2\/media?parent=3292"}],"wp:term":[{"taxonomy":"category","embeddable":true,"href":"https:\/\/posgrado.uwiener.edu.pe\/actividades\/wp-json\/wp\/v2\/categories?post=3292"},{"taxonomy":"post_tag","embeddable":true,"href":"https:\/\/posgrado.uwiener.edu.pe\/actividades\/wp-json\/wp\/v2\/tags?post=3292"}],"curies":[{"name":"wp","href":"https:\/\/api.w.org\/{rel}","templated":true}]}}