
{"id":3350,"date":"2023-08-01T18:51:12","date_gmt":"2023-08-01T23:51:12","guid":{"rendered":"https:\/\/posgrado.uwiener.edu.pe\/actividades\/?p=3350"},"modified":"2023-08-02T15:50:53","modified_gmt":"2023-08-02T20:50:53","slug":"escuela-de-posgrado-organizo-tercer-congreso-internacional-de-responsabilidad-social-universitaria","status":"publish","type":"post","link":"https:\/\/posgrado.uwiener.edu.pe\/actividades\/noticias\/responsabilidad-social\/escuela-de-posgrado-organizo-tercer-congreso-internacional-de-responsabilidad-social-universitaria\/","title":{"rendered":"ESCUELA DE POSGRADO ORGANIZ\u00d3 TERCER CONGRESO INTERNACIONAL DE RESPONSABILIDAD SOCIAL UNIVERSITARIA"},"content":{"rendered":"\n<p>La Escuela de Posgrado de la Universidad Norbert Wiener realiz\u00f3 con \u00e9xito el Tercer Congreso Internacional de Responsabilidad Social Universitaria, evento en el que participaron destacados acad\u00e9micos e investigadores de M\u00e9xico, Estados Unidos, Espa\u00f1a, Colombia, Uruguay y Per\u00fa, quienes ofrecieron magistrales conferencias a trav\u00e9s de la plataforma Zoom de nuestra instituci\u00f3n educativa.<\/p>\n\n\n\n<p>La inauguraci\u00f3n del evento estuvo a cargo del rector de la Universidad Norbert Wiener, doctor Andr\u00e9s Velarde Talleri, quien resalt\u00f3 la importancia del congreso. \u201cEn estos dos d\u00edas (20 y 21 de julio) vamos a reflexionar juntos acerca del impacto de nuestras acciones, explorar nuevas formas de abordar los desaf\u00edos sociales y ambientales que enfrentamos como sociedad. Vamos a intercambiar ideas para hacer de este mundo un poquito mejor\u201d, manifest\u00f3.<\/p>\n\n\n\n<p>Los temas que se abordaron en esta importante actividad acad\u00e9mica, dirigida a nuestros maestrandos y p\u00fablico en general, fueron Econom\u00eda e Ingenier\u00eda Circular, inclusi\u00f3n social e igualdad, \u00e9tica, buen gobierno y transparencia, y buenas pr\u00e1cticas empresariales.<\/p>\n\n\n\n<p>El primer d\u00eda (20 de julio), expusieron Mar\u00eda Reyes Samper, directora del Club de Empresas de la C\u00e1tedra Internacional de Responsabilidad Social Corporativa de la Universidad Cat\u00f3lica San Antonio de Murcia (Espa\u00f1a), \u201cGesti\u00f3n \u00e9tica de negocios\u201d; Emma L\u00f3pez Rodr\u00edguez, directora de la C\u00e1tedra Unesco de la Universidad Sim\u00f3n Bol\u00edvar (Colombia), \u201cLa C\u00e1tedra Unesco prevenci\u00f3n de violencia contra mujeres: Una mirada desde la inclusi\u00f3n social e igualdad\u201d.<\/p>\n\n\n\n<p>Asimismo, Fernando Garc\u00eda Hern\u00e1ndez, docente de la Universidad Cat\u00f3lica San Antonio de Murcia (UCAM), \u201cResponsabilidad, \u00e9tica, cuidados y bienestar: una integraci\u00f3n necesaria\u201d; Francisco G\u00e1lvez S\u00e1nchez, docente de la Universidad de Granada (Espa\u00f1a), \u201cLa Econom\u00eda Circular y su importancia en las organizaciones\u201d.<\/p>\n\n\n\n<p>Intervino tambi\u00e9n Tatiana Jim\u00e9nez Pati\u00f1o, directora de la Maestr\u00eda en Ciencias Ambientales de la Universidad de Cundinamarca (Colombia), \u201cGesti\u00f3n ambiental urbana: oportunidad de impulsar la competitividad de las ciudades\u201d; y Humberto Mu\u00f1oz Grand\u00e9, coordinador del Doctorado en Innovaci\u00f3n en Responsabilidad Social y Sostenibilidad de la Universidad An\u00e1huac (M\u00e9xico), \u201cLa responsabilidad social corporativa y la sostenibilidad\u201d.<\/p>\n\n\n\n<p>El segundo d\u00eda (21 de julio), disertaron Enrique Bravo-Garc\u00eda, docente investigador de la Universidad Nacional Aut\u00f3noma de M\u00e9xico (UNAM), \u201c\u00bfC\u00f3mo enfocar las estrategias de prevenci\u00f3n en un pa\u00eds concentrado en epidemia\u201d; Carmen C\u00e1ceda docente de Western Oregon University (EE.UU.), \u201cLa salud emocional y el bienestar de los maestros despu\u00e9s del COVID\u201d; Perla Aguilar Navarrete, docente investigadora de la Universidad Aut\u00f3noma de Nayarit (M\u00e9xico), \u201cNormas y pol\u00edticas mundiales para la gesti\u00f3n de los desechos electr\u00f3nicos inform\u00e1ticos\u201d.<\/p>\n\n\n\n<p>Del mismo modo, Antonio S\u00e1mano \u00c1ngeles, docente de la Universidad An\u00e1huac, \u201cPracticas de responsabilidad social empresarial en las Pymes\u201d; Antonio G\u00f3mez Baz\u00e1n, CEO Camposol (Per\u00fa), \u201cLas buenas pr\u00e1cticas empresariales del Grupo Camposol en responsabilidad social\u201d; Nicol\u00e1s Vanegas, director de Asuntos Corporativos L\u2019oreal Centroam\u00e9rica y Regi\u00f3n Andina, \u201cBuenas pr\u00e1cticas empresariales: <em>Engagement<\/em> &amp; sostenibilidad\u201d.<\/p>\n\n\n\n<p>De igual manera, Ariel Vilchis, jefe de Secci\u00f3n Acad\u00e9mica de Vinculaci\u00f3n y Trabajo en Comunidad del Departamento de Salud P\u00fablica de la Facultad de Medicina de la UNAM, \u201cResponsabilidad social universitaria ante la salud poblacional: Experiencia de trabajo con personas que habitan en calle\u201d; y Mar\u00eda Ponciano Rodr\u00edguez, de la misma instituci\u00f3n educativa, \u201cPol\u00edticas para la prevenci\u00f3n del tabaquismo en M\u00e9xico\u201d.<\/p>\n\n\n\n<p>En el marco del congreso, se realiz\u00f3 la mesa redonda \u00bfC\u00f3mo garantizar una educaci\u00f3n inclusiva, equitativa y de calidad? en el que participaron Viviana Linale, del Centro de recursos educativos para estudiantes sordos (Uruguay); Charito T\u00e1vara, docente de la Pontificia Universidad Cat\u00f3lica del Per\u00fa; y Perla Aguilar Navarrete, docente investigadora de la Universidad de la Rep\u00fablica (Uruguay), as\u00ed como mesas tem\u00e1ticas.<\/p>\n\n\n\n<p>La clausura del Tercer Congreso Internacional de Responsabilidad Social Universitaria estuvo a cargo del director de la Escuela de Posgrado, doctor Guillermo Raffo Ibarra, quien manifest\u00f3 su agradecimiento a los participantes, en especial a los expositores, quienes con sus magistrales ponencias enriquecieron el conocimiento de nuestros maestrandos.<\/p>\n\n\n\n<p>\u201cEstamos satisfechos de haber contribuido con la creaci\u00f3n de este espacio acad\u00e9mico de innovaci\u00f3n, investigaci\u00f3n y aporte sobre la responsabilidad social universitaria. Hay mucho por hacer en este campo. Desde la Escuela de Posgrado de la Universidad Norbert Wiener renovamos nuestro compromiso con la mejora continua de la calidad en la educaci\u00f3n\u201d, expres\u00f3.<\/p>\n","protected":false},"excerpt":{"rendered":"<p>La Escuela de Posgrado de la Universidad Norbert Wiener realiz\u00f3 con \u00e9xito el Tercer Congreso Internacional de Responsabilidad Social Universitaria, evento en el que participaron destacados acad\u00e9micos e investigadores de M\u00e9xico, Estados Unidos, Espa\u00f1a, Colombia, Uruguay y Per\u00fa, quienes ofrecieron magistrales conferencias a trav\u00e9s de la plataforma Zoom de nuestra instituci\u00f3n educativa. La inauguraci\u00f3n del [&hellip;]<\/p>\n","protected":false},"author":4,"featured_media":3364,"comment_status":"open","ping_status":"open","sticky":false,"template":"","format":"standard","meta":{"footnotes":""},"categories":[59],"tags":[],"class_list":["post-3350","post","type-post","status-publish","format-standard","has-post-thumbnail","hentry","category-responsabilidad-social"],"custom_fields_data":{"inline_featured_image":["0"],"hcf_post_fecha":[""],"hcf_post_timeI":[""],"hcf_post_timeF":[""],"hcf_post_lugar":[""],"hcf_post_ingreso":[""],"hcf_post_recomendados":[""],"hcf_post_anexos":[""],"hcf_post_email":[""],"hcf_post_url_face":[""],"hcf_fecha_blog":["2023-08-01"],"hcf_destacado_blog":["on"],"hcf_imagenes":["[{\"image\":\"https:\/\/posgrado.uwiener.edu.pe\/actividades\/wp-content\/uploads\/2023\/08\/Grupal_2-1.jpg\",\"leyenda\":\"Participantes en el Tercer Congreso Internacional de Responsabilidad Social Universitaria organizado por la Escuela de Posgrado de la UNW.\"},{\"image\":\"https:\/\/posgrado.uwiener.edu.pe\/actividades\/wp-content\/uploads\/2023\/08\/Tatiana-Jim\u00e9nez-3.jpg\",\"leyenda\":\"La Dra. Tatiana Jim\u00e9nez, directora de la Maestr\u00eda en Ciencias Ambientales de la Universidad de Cundinamarca (Colombia), expuso sobre la gesti\u00f3n ambiental urbana.\"},{\"image\":\"https:\/\/posgrado.uwiener.edu.pe\/actividades\/wp-content\/uploads\/2023\/08\/Francisco-Jes\u00fas-G\u00e1lvez-4.jpg\",\"leyenda\":\"El Dr. Francisco G\u00e1lvez, docente de la Universidad de Granada (Espa\u00f1a), ofreci\u00f3 la ponencia \u201cLa Econom\u00eda Circular y su importancia en las organizaciones\u201d.\"},{\"image\":\"https:\/\/posgrado.uwiener.edu.pe\/actividades\/wp-content\/uploads\/2023\/08\/Perla-Aguilar-3.jpg\",\"leyenda\":\"La Mg. Perla Aguilar, docente investigadora de la Universidad Aut\u00f3noma de Nayarit (M\u00e9xico), habl\u00f3 sobre las normas y pol\u00edticas mundiales para la gesti\u00f3n de los desechos electr\u00f3nicos inform\u00e1ticos.\"},{\"image\":\"https:\/\/posgrado.uwiener.edu.pe\/actividades\/wp-content\/uploads\/2023\/08\/Antonio-G\u00f3mez-3.jpg\",\"leyenda\":\"\u201cLas buenas pr\u00e1cticas empresariales del Grupo Camposol en responsabilidad social\u201d, fue el t\u00edtulo de la conferencia que dict\u00f3 Antonio G\u00f3mez, CEO Camposol (Per\u00fa).\"},{\"image\":\"https:\/\/posgrado.uwiener.edu.pe\/actividades\/wp-content\/uploads\/2023\/08\/Carmen-C\u00e1ceda-4.jpg\",\"leyenda\":\"La Dra. Carmen C\u00e1ceda, docente de Western Oregon University, disert\u00f3 respecto a la salud emocional y el bienestar de los maestros despu\u00e9s del COVID.\"},{\"image\":\"https:\/\/posgrado.uwiener.edu.pe\/actividades\/wp-content\/uploads\/2023\/08\/Ariel-Vilchis-3.jpg\",\"leyenda\":\"El Dr. Ariel Vilchis, de la Facultad de Medicina de la UNAM, se refiri\u00f3 a la responsabilidad social universitaria en la salud poblacional.\"},{\"image\":\"https:\/\/posgrado.uwiener.edu.pe\/actividades\/wp-content\/uploads\/2023\/08\/Grupo_1-1.jpg\",\"leyenda\":\"Viviana Linale y Perla Aguilar, ambas de Uruguay, y Charito T\u00e1vara de Per\u00fa participaron en la mesa redonda \u00bfC\u00f3mo garantizar una educaci\u00f3n inclusiva, equitativa y de calidad?\"}]"],"hcf_thumb_500":[""],"hcf_thumb_1600":[""],"hcf_destacada":[""],"_edit_lock":["1692205790:4"],"_edit_last":["4"],"_thumbnail_id":["3364"],"_field_new_1":[""],"_field_new_2":[""],"_field_new_3":[""],"_field_new_4":[""],"_field_new_5":[""],"_field_new_6":[""],"_field_new_7":[""],"_field_new_8":[""],"_field_new_9":[""],"_field_new_10":[""],"rank_math_internal_links_processed":["1"]},"_links":{"self":[{"href":"https:\/\/posgrado.uwiener.edu.pe\/actividades\/wp-json\/wp\/v2\/posts\/3350"}],"collection":[{"href":"https:\/\/posgrado.uwiener.edu.pe\/actividades\/wp-json\/wp\/v2\/posts"}],"about":[{"href":"https:\/\/posgrado.uwiener.edu.pe\/actividades\/wp-json\/wp\/v2\/types\/post"}],"author":[{"embeddable":true,"href":"https:\/\/posgrado.uwiener.edu.pe\/actividades\/wp-json\/wp\/v2\/users\/4"}],"replies":[{"embeddable":true,"href":"https:\/\/posgrado.uwiener.edu.pe\/actividades\/wp-json\/wp\/v2\/comments?post=3350"}],"version-history":[{"count":1,"href":"https:\/\/posgrado.uwiener.edu.pe\/actividades\/wp-json\/wp\/v2\/posts\/3350\/revisions"}],"predecessor-version":[{"id":3359,"href":"https:\/\/posgrado.uwiener.edu.pe\/actividades\/wp-json\/wp\/v2\/posts\/3350\/revisions\/3359"}],"wp:featuredmedia":[{"embeddable":true,"href":"https:\/\/posgrado.uwiener.edu.pe\/actividades\/wp-json\/wp\/v2\/media\/3364"}],"wp:attachment":[{"href":"https:\/\/posgrado.uwiener.edu.pe\/actividades\/wp-json\/wp\/v2\/media?parent=3350"}],"wp:term":[{"taxonomy":"category","embeddable":true,"href":"https:\/\/posgrado.uwiener.edu.pe\/actividades\/wp-json\/wp\/v2\/categories?post=3350"},{"taxonomy":"post_tag","embeddable":true,"href":"https:\/\/posgrado.uwiener.edu.pe\/actividades\/wp-json\/wp\/v2\/tags?post=3350"}],"curies":[{"name":"wp","href":"https:\/\/api.w.org\/{rel}","templated":true}]}}