
{"id":3438,"date":"2023-09-19T10:49:57","date_gmt":"2023-09-19T15:49:57","guid":{"rendered":"https:\/\/posgrado.uwiener.edu.pe\/actividades\/?p=3438"},"modified":"2023-09-19T10:49:58","modified_gmt":"2023-09-19T15:49:58","slug":"escuela-de-posgrado-de-universidad-norbert-wiener-organizo-foro-internacional-sobre-retos-en-el-cuidado-humanizado-de-enfermeria","status":"publish","type":"post","link":"https:\/\/posgrado.uwiener.edu.pe\/actividades\/noticias\/enfermeria\/escuela-de-posgrado-de-universidad-norbert-wiener-organizo-foro-internacional-sobre-retos-en-el-cuidado-humanizado-de-enfermeria\/","title":{"rendered":"ESCUELA DE POSGRADO DE UNIVERSIDAD NORBERT WIENER ORGANIZ\u00d3 FORO INTERNACIONAL SOBRE RETOS EN EL CUIDADO HUMANIZADO DE ENFERMER\u00cdA"},"content":{"rendered":"\n<p>La Escuela de Posgrado de la Universidad Norbert Wiener, a trav\u00e9s de su programa de Maestr\u00eda en Ciencias de Enfermer\u00eda con menci\u00f3n en Gerencia de los Cuidados de Enfermer\u00eda, desarroll\u00f3 el Foro Internacional \u201cRetos en la gesti\u00f3n del cuidado humanizado de enfermer\u00eda en la era digital\u201d, dirigido a los profesionales del ramo de las diferentes regiones del pa\u00eds.<\/p>\n\n\n\n<p>El evento se desarroll\u00f3 a trav\u00e9s de la plataforma Zoom de nuestra instituci\u00f3n educativa, y cont\u00f3 con la intervenci\u00f3n de dos destacadas acad\u00e9micas: la mag\u00edster Erika Caballero, directora nacional de la Escuela de Enfermer\u00eda de la Universidad del Alba (Chile), y la mag\u00edster Nini Quintero, docente de la Universidad Cooperativa de Colombia, sede Santa Marta.<\/p>\n\n\n\n<p>\u201cAlfabetizaci\u00f3n digital en cuidado humano\u201d fue el tema que trat\u00f3 la magister Caballero, quien afirm\u00f3 en su ponencia que la tecnolog\u00eda no deber\u00eda deshumanizar la atenci\u00f3n al paciente, sino que tendr\u00eda que ayudar a humanizar los procesos de cuidado.<\/p>\n\n\n\n<p>\u201cNos olvidamos que la salud es producto de los determinantes sociales y no solo de la epidemiolog\u00eda o la cl\u00ednica, sino tambi\u00e9n de las condiciones sociales, econ\u00f3micas y culturales que influyen en los procesos de salud y enfermedad. Muchos discursos hablan de la deshumanizaci\u00f3n por el uso de la tecnolog\u00eda, pero la tecnolog\u00eda es creada por el hombre; por tanto, no deber\u00eda deshumanizar sino, todo lo contrario, deber\u00eda ayudar a humanizar los procesos de cuidado\u201d, manifest\u00f3.&nbsp;<\/p>\n\n\n\n<p>Asimismo, dijo que el cuidado humano es un elemento b\u00e1sico del quehacer profesional de salud. \u201cSin embargo, en la pr\u00e1ctica es relegado a un segundo plano por distintos factores: administrativos, t\u00e9cnicos y tecnol\u00f3gicos, por lo que se va dejando de lado el concepto humanizar, que es una acci\u00f3n que hace m\u00e1s humano al hombre\u201d, expres\u00f3.<\/p>\n\n\n\n<p>Caballero, quien tambi\u00e9n es docente investigadora, fue enf\u00e1tica al se\u00f1alar que cuidar es un acto sagrado. \u201cCuando el cuidado y el amor se unen para servir a la humanidad, descubrimos y afirmamos que el trabajo de enfermer\u00eda y el cuidado-sanaci\u00f3n es m\u00e1s que solo un trabajo, es un acto sagrado\u201d, afirm\u00f3.<\/p>\n\n\n\n<p>Por su parte, Nini Quintero, especialista en Cuidado cr\u00edtico, y en Gerencia de la auditor\u00eda y garant\u00eda de la calidad, ofreci\u00f3 la conferencia \u201cGesti\u00f3n y humanizaci\u00f3n de la enfermera en la era digital: equilibrando la tecnolog\u00eda y la empat\u00eda\u201d.<\/p>\n\n\n\n<p>\u201cLa enfermer\u00eda es una profesi\u00f3n cuya esencia principal es el cuidado del paciente, quien adem\u00e1s del dolor f\u00edsico tiene un padecimiento psicol\u00f3gico, por lo que es importante establecer una relaci\u00f3n de ayuda. Como profesionales de la salud debemos ser emp\u00e1ticos con nuestros pacientes y sus familiares. Debemos tener claro que el cuidado que brindamos como enfermeras debe estar relacionado con la humanizaci\u00f3n\u201d, se\u00f1al\u00f3.&nbsp;<\/p>\n\n\n\n<p>Quintero explic\u00f3 que el cuidado es el conjunto de acciones fundamentadas en la relaci\u00f3n interpersonal y est\u00e1 orientado a entender al paciente desde su contexto cultural, sin tener en cuenta raza, color o estrato social, todo esto de mano de la evidencia cient\u00edfica.<\/p>\n\n\n\n<p>\u201cEs importante que nuestro cuidado se lleve a cabo por medio de intervenciones. Debemos garantizar la atenci\u00f3n del paciente que necesita de nuestro cuidado, as\u00ed como a las familias y a la comunidad que requieren de una atenci\u00f3n oportuna y segura de parte de los profesionales de enfermer\u00eda\u201d, asever\u00f3.&nbsp;&nbsp;<\/p>\n\n\n\n<p>Finalmente, la especialista colombiana dej\u00f3 un mensaje reflexivo a todos los enfermeros y enfermeras de nuestro pa\u00eds. \u201cA pesar de la digitalizaci\u00f3n, la humanizaci\u00f3n sigue siendo esencial en la enfermer\u00eda. El contacto cercano, la empat\u00eda y el trato personalizado son aspectos irremplazables que contribuyen al bienestar emocional y f\u00edsico de los pacientes\u201d, asegur\u00f3.<\/p>\n","protected":false},"excerpt":{"rendered":"<p>La Escuela de Posgrado de la Universidad Norbert Wiener, a trav\u00e9s de su programa de Maestr\u00eda en Ciencias de Enfermer\u00eda con menci\u00f3n en Gerencia de los Cuidados de Enfermer\u00eda, desarroll\u00f3 el Foro Internacional \u201cRetos en la gesti\u00f3n del cuidado humanizado de enfermer\u00eda en la era digital\u201d, dirigido a los profesionales del ramo de las diferentes [&hellip;]<\/p>\n","protected":false},"author":5,"featured_media":0,"comment_status":"open","ping_status":"open","sticky":false,"template":"","format":"standard","meta":{"footnotes":""},"categories":[43],"tags":[],"class_list":["post-3438","post","type-post","status-publish","format-standard","hentry","category-enfermeria"],"custom_fields_data":{"inline_featured_image":["0"],"hcf_post_fecha":[""],"hcf_post_timeI":[""],"hcf_post_timeF":[""],"hcf_post_lugar":[""],"hcf_post_ingreso":[""],"hcf_post_recomendados":[""],"hcf_post_anexos":[""],"hcf_post_email":[""],"hcf_post_url_face":[""],"hcf_fecha_blog":["2023-09-15"],"hcf_destacado_blog":["on"],"hcf_imagenes":["[{\"image\":\"https:\/\/posgrado.uwiener.edu.pe\/actividades\/wp-content\/uploads\/2023\/09\/7-8.jpg\",\"leyenda\":\"Anika Remuzgo, coordinadora de la Maestr\u00eda en Ciencias de Enfermer\u00eda con menci\u00f3n en Gerencia de los Cuidados de Enfermer\u00eda, tuvo a su cargo la presentaci\u00f3n del Foro. Aqu\u00ed, acompa\u00f1ada de las ponentes internacionales: Nini Quintero (Colombia) y Erika Caballero (Chile). \"},{\"image\":\"https:\/\/posgrado.uwiener.edu.pe\/actividades\/wp-content\/uploads\/2023\/09\/1-65.jpg\",\"leyenda\":\"Erika Caballero, directora nacional de la Escuela de Enfermer\u00eda de la Universidad del Alba (Chile) dict\u00f3 la conferencia \u201cAlfabetizaci\u00f3n digital en cuidado humano\u201d.\"},{\"image\":\"https:\/\/posgrado.uwiener.edu.pe\/actividades\/wp-content\/uploads\/2023\/09\/3-43.jpg\",\"leyenda\":\"En su exposici\u00f3n, la Mg. Caballero manifest\u00f3 que el cuidado humano es un elemento b\u00e1sico del quehacer profesional de salud.\"},{\"image\":\"https:\/\/posgrado.uwiener.edu.pe\/actividades\/wp-content\/uploads\/2023\/09\/6-16.jpg\",\"leyenda\":\"Nini Quintero, docente de la Universidad Cooperativa de Colombia, sede Santa Marta, ofreci\u00f3 la ponencia \u201cGesti\u00f3n y humanizaci\u00f3n de la enfermera en la era digital: equilibrando la tecnolog\u00eda y la empat\u00eda\u201d.\"},{\"image\":\"https:\/\/posgrado.uwiener.edu.pe\/actividades\/wp-content\/uploads\/2023\/09\/5-18.jpg\",\"leyenda\":\"Mg. Nini Quintero: \u201cA pesar de la digitalizaci\u00f3n, la humanizaci\u00f3n sigue siendo esencial en la enfermer\u00eda\u201d.\"}]"],"hcf_thumb_500":[""],"hcf_thumb_1600":[""],"hcf_destacada":[""],"_edit_lock":["1695138766:4"],"footnotes":[""],"_wp_old_date":["2023-09-18"],"_edit_last":["4"],"_field_new_1":[""],"_field_new_2":[""],"_field_new_3":[""],"_field_new_4":[""],"_field_new_5":[""],"_field_new_6":[""],"_field_new_7":[""],"_field_new_8":[""],"rank_math_internal_links_processed":["1"]},"_links":{"self":[{"href":"https:\/\/posgrado.uwiener.edu.pe\/actividades\/wp-json\/wp\/v2\/posts\/3438"}],"collection":[{"href":"https:\/\/posgrado.uwiener.edu.pe\/actividades\/wp-json\/wp\/v2\/posts"}],"about":[{"href":"https:\/\/posgrado.uwiener.edu.pe\/actividades\/wp-json\/wp\/v2\/types\/post"}],"author":[{"embeddable":true,"href":"https:\/\/posgrado.uwiener.edu.pe\/actividades\/wp-json\/wp\/v2\/users\/5"}],"replies":[{"embeddable":true,"href":"https:\/\/posgrado.uwiener.edu.pe\/actividades\/wp-json\/wp\/v2\/comments?post=3438"}],"version-history":[{"count":1,"href":"https:\/\/posgrado.uwiener.edu.pe\/actividades\/wp-json\/wp\/v2\/posts\/3438\/revisions"}],"predecessor-version":[{"id":3445,"href":"https:\/\/posgrado.uwiener.edu.pe\/actividades\/wp-json\/wp\/v2\/posts\/3438\/revisions\/3445"}],"wp:attachment":[{"href":"https:\/\/posgrado.uwiener.edu.pe\/actividades\/wp-json\/wp\/v2\/media?parent=3438"}],"wp:term":[{"taxonomy":"category","embeddable":true,"href":"https:\/\/posgrado.uwiener.edu.pe\/actividades\/wp-json\/wp\/v2\/categories?post=3438"},{"taxonomy":"post_tag","embeddable":true,"href":"https:\/\/posgrado.uwiener.edu.pe\/actividades\/wp-json\/wp\/v2\/tags?post=3438"}],"curies":[{"name":"wp","href":"https:\/\/api.w.org\/{rel}","templated":true}]}}