
{"id":3470,"date":"2023-09-20T17:49:29","date_gmt":"2023-09-20T22:49:29","guid":{"rendered":"https:\/\/posgrado.uwiener.edu.pe\/actividades\/?p=3470"},"modified":"2023-09-20T17:49:30","modified_gmt":"2023-09-20T22:49:30","slug":"universidad-norbert-wiener-y-colegio-de-contadores-publicos-del-callao-suscribieron-convenio-de-cooperacion-interinstitucional","status":"publish","type":"post","link":"https:\/\/posgrado.uwiener.edu.pe\/actividades\/noticias\/epgwiener\/universidad-norbert-wiener-y-colegio-de-contadores-publicos-del-callao-suscribieron-convenio-de-cooperacion-interinstitucional\/","title":{"rendered":"UNIVERSIDAD NORBERT WIENER Y COLEGIO DE CONTADORES P\u00daBLICOS DEL CALLAO SUSCRIBIERON CONVENIO DE COOPERACI\u00d3N INTERINSTITUCIONAL"},"content":{"rendered":"\n<p>La Universidad Norbert Wiener y el Colegio de Contadores P\u00fablicos del Callao suscribieron un convenio de cooperaci\u00f3n interinstitucional con el prop\u00f3sito de organizar programas comunes que contribuyan al desarrollo profesional de los colegiados e impulsar el nivel de empleabilidad de nuestros estudiantes y egresados.<\/p>\n\n\n\n<p>La firma protocolar del convenio se realiz\u00f3 el viernes 15 de setiembre en la sede del Colegio de Contadores P\u00fablicos del Callao por el decano, C\u00e9sar Baca Ortiz; y el director de la Escuela de Posgrado, Guillermo Raffo Ibarra, en representaci\u00f3n del rector de la Universidad Norbert Wiener, Andr\u00e9s Velarde Talleri.<\/p>\n\n\n\n<p>El acuerdo, cuya vigencia es de tres a\u00f1os, tiene por objeto organizar y desarrollar programas conjuntos que contribuyan a mejorar el nivel profesional y acad\u00e9mico de los colegiados, as\u00ed como fomentar acciones de bienestar ofreciendo y desarrollando programas de formaci\u00f3n acad\u00e9mica, asign\u00e1ndoles a los beneficiaros la escala de tarifas preferenciales correspondientes a acuerdos.<\/p>\n\n\n\n<p>Esta alianza beneficiar\u00e1 tanto a los colegiados como a los trabajadores del Colegio, as\u00ed como a sus familiares directos (c\u00f3nyuge e hijos) quienes podr\u00e1n acceder -con tarifas preferenciales, correspondientes a convenios- a los servicios educativos en las carreras profesionales de pregrado (a excepci\u00f3n de la carrera de Medicina Humana y el per\u00edodo de internado de las carreras de la Facultad de Ciencias de la Salud), programas de posgrado y Centro de Idiomas.<\/p>\n\n\n\n<p>Asimismo, se les otorgar\u00e1 descuentos corporativos en los servicios del Centro de Terapia F\u00edsica y Centro Odontol\u00f3gico de la Universidad Norbert Wiener, seg\u00fan la tarifa corporativa vigente en el momento que el beneficiario solicita el servicio.<\/p>\n\n\n\n<p>El convenio establece tambi\u00e9n la participaci\u00f3n del Colegio, de acuerdo a su disponibilidad, en campa\u00f1as de investigaci\u00f3n y de responsabilidad social, y actividades acad\u00e9micas (charlas, conferencias) que la Universidad realice.<\/p>\n\n\n\n<p>Por su parte, el Colegio deber\u00e1 promover espacios de mediaci\u00f3n e inserci\u00f3n laboral en beneficio de nuestros estudiantes, egresados y titulados, canalizando estas ofertas laborales a trav\u00e9s de la Bolsa de Trabajo de la Universidad Norbert Wiener.<\/p>\n","protected":false},"excerpt":{"rendered":"<p>La Universidad Norbert Wiener y el Colegio de Contadores P\u00fablicos del Callao suscribieron un convenio de cooperaci\u00f3n interinstitucional con el prop\u00f3sito de organizar programas comunes que contribuyan al desarrollo profesional de los colegiados e impulsar el nivel de empleabilidad de nuestros estudiantes y egresados. La firma protocolar del convenio se realiz\u00f3 el viernes 15 de [&hellip;]<\/p>\n","protected":false},"author":4,"featured_media":0,"comment_status":"open","ping_status":"open","sticky":false,"template":"","format":"standard","meta":{"footnotes":""},"categories":[25],"tags":[],"class_list":["post-3470","post","type-post","status-publish","format-standard","hentry","category-epgwiener"],"custom_fields_data":{"inline_featured_image":["0"],"hcf_post_fecha":[""],"hcf_post_timeI":[""],"hcf_post_timeF":[""],"hcf_post_lugar":[""],"hcf_post_ingreso":[""],"hcf_post_recomendados":[""],"hcf_post_anexos":[""],"hcf_post_email":[""],"hcf_post_url_face":[""],"hcf_fecha_blog":["2023-09-20"],"hcf_destacado_blog":["on"],"hcf_imagenes":["[{\"image\":\"https:\/\/posgrado.uwiener.edu.pe\/actividades\/wp-content\/uploads\/2023\/09\/1-66.jpg\",\"leyenda\":\": De izquierda a derecha: Guillermo Raffo, director de la Escuela de Posgrado de la Universidad Norbert Wiener; C\u00e9sar Baca Ortiz, decano del Colegio de Contadores P\u00fablicos del Callao; y Manuel Garc\u00eda, ejecutivo de Convenios Corporativos de la UNW.\"},{\"image\":\"https:\/\/posgrado.uwiener.edu.pe\/actividades\/wp-content\/uploads\/2023\/09\/2-53.jpg\",\"leyenda\":\"El Dr. Guillermo Raffo hizo entrega de un presente al decano C\u00e9sar Baca.\"},{\"image\":\"https:\/\/posgrado.uwiener.edu.pe\/actividades\/wp-content\/uploads\/2023\/09\/3-44.jpg\",\"leyenda\":\"Los representantes de la Universidad Norbert Wiener y el decano del Colegio de Contadores P\u00fablicos del Callao intercambiaron opiniones antes de la firma protocolar del convenio.\"}]"],"hcf_thumb_500":[""],"hcf_thumb_1600":[""],"hcf_destacada":[""],"_edit_lock":["1695250304:4"],"_edit_last":["4"],"_field_new_1":[""],"_field_new_2":[""],"_field_new_3":[""],"_field_new_4":[""],"_field_new_5":[""],"_field_new_6":[""],"_field_new_7":[""],"_field_new_8":[""],"rank_math_internal_links_processed":["1"]},"_links":{"self":[{"href":"https:\/\/posgrado.uwiener.edu.pe\/actividades\/wp-json\/wp\/v2\/posts\/3470"}],"collection":[{"href":"https:\/\/posgrado.uwiener.edu.pe\/actividades\/wp-json\/wp\/v2\/posts"}],"about":[{"href":"https:\/\/posgrado.uwiener.edu.pe\/actividades\/wp-json\/wp\/v2\/types\/post"}],"author":[{"embeddable":true,"href":"https:\/\/posgrado.uwiener.edu.pe\/actividades\/wp-json\/wp\/v2\/users\/4"}],"replies":[{"embeddable":true,"href":"https:\/\/posgrado.uwiener.edu.pe\/actividades\/wp-json\/wp\/v2\/comments?post=3470"}],"version-history":[{"count":1,"href":"https:\/\/posgrado.uwiener.edu.pe\/actividades\/wp-json\/wp\/v2\/posts\/3470\/revisions"}],"predecessor-version":[{"id":3474,"href":"https:\/\/posgrado.uwiener.edu.pe\/actividades\/wp-json\/wp\/v2\/posts\/3470\/revisions\/3474"}],"wp:attachment":[{"href":"https:\/\/posgrado.uwiener.edu.pe\/actividades\/wp-json\/wp\/v2\/media?parent=3470"}],"wp:term":[{"taxonomy":"category","embeddable":true,"href":"https:\/\/posgrado.uwiener.edu.pe\/actividades\/wp-json\/wp\/v2\/categories?post=3470"},{"taxonomy":"post_tag","embeddable":true,"href":"https:\/\/posgrado.uwiener.edu.pe\/actividades\/wp-json\/wp\/v2\/tags?post=3470"}],"curies":[{"name":"wp","href":"https:\/\/api.w.org\/{rel}","templated":true}]}}