
{"id":3492,"date":"2023-10-02T11:44:47","date_gmt":"2023-10-02T16:44:47","guid":{"rendered":"https:\/\/posgrado.uwiener.edu.pe\/actividades\/?p=3492"},"modified":"2023-10-02T11:53:23","modified_gmt":"2023-10-02T16:53:23","slug":"universidad-norbert-wiener-y-el-consejo-regional-ii-la-libertad-del-colegio-de-enfermeros-del-peru-suscribieron-acuerdo-de-cooperacion-interinstitucional","status":"publish","type":"post","link":"https:\/\/posgrado.uwiener.edu.pe\/actividades\/noticias\/epgwiener\/universidad-norbert-wiener-y-el-consejo-regional-ii-la-libertad-del-colegio-de-enfermeros-del-peru-suscribieron-acuerdo-de-cooperacion-interinstitucional\/","title":{"rendered":"UNIVERSIDAD NORBERT WIENER Y EL CONSEJO REGIONAL II LA LIBERTAD DEL COLEGIO DE ENFERMEROS DEL PER\u00da SUSCRIBIERON ACUERDO DE COOPERACI\u00d3N INTERINSTITUCIONAL"},"content":{"rendered":"\n<p>La Universidad Norbert Wiener y el Consejo Regional II La Libertad del Colegio de Enfermeros del Per\u00fa suscribieron un acuerdo de cooperaci\u00f3n interinstitucional con el prop\u00f3sito de organizar programas comunes que contribuyan al desarrollo profesional de los colegiados e impulsar el nivel de empleabilidad de nuestros estudiantes y egresados.<\/p>\n\n\n\n<p>La firma protocolar del convenio se realiz\u00f3 el viernes 22 de setiembre en el Aula Magna de la Escuela de Posgrado por la decana regional del Consejo Regional II La Libertad del Colegio de Enfermeros del Per\u00fa, Patricia Bola\u00f1os Grau; y el director de la Escuela de Posgrado, Guillermo Raffo Ibarra, en representaci\u00f3n del rector de la Universidad Norbert Wiener, Andr\u00e9s Velarde Talleri.<\/p>\n\n\n\n<p>El acuerdo, cuya vigencia es de dos a\u00f1os, tiene por objeto organizar y desarrollar programas conjuntos que contribuyan a mejorar el nivel profesional y acad\u00e9mico de los colegiados, as\u00ed como fomentar acciones de bienestar ofreciendo y desarrollando programas de formaci\u00f3n acad\u00e9mica, asign\u00e1ndoles a los beneficiarios la escala de tarifas preferenciales correspondientes a acuerdos.<\/p>\n\n\n\n<p>Esta alianza beneficiar\u00e1 tanto a los colegiados como a los trabajadores del Colegio, as\u00ed como a sus familiares directos (c\u00f3nyuge e hijos) quienes podr\u00e1n acceder -con tarifas preferenciales, correspondientes a convenios- a los servicios educativos en las carreras profesionales de pregrado (a excepci\u00f3n de la carrera de Medicina Humana y el per\u00edodo de internado de las carreras de la Facultad de Ciencias de la Salud), programas de posgrado y Centro de Idiomas.<\/p>\n\n\n\n<p>Asimismo, se les otorgar\u00e1 descuentos corporativos en los servicios del Centro de Terapia F\u00edsica y Centro Odontol\u00f3gico de la Universidad Norbert Wiener, seg\u00fan la tarifa corporativa vigente en el momento que el beneficiario solicita el servicio.<\/p>\n\n\n\n<p>El convenio establece tambi\u00e9n la participaci\u00f3n del Colegio, de acuerdo a su disponibilidad, en campa\u00f1as de investigaci\u00f3n y de responsabilidad social, y actividades acad\u00e9micas (charlas, conferencias) que la Universidad realice.<\/p>\n\n\n\n<p>Por su parte, el Colegio deber\u00e1 promover espacios de mediaci\u00f3n e inserci\u00f3n laboral en beneficio de nuestros estudiantes, egresados y titulados, canalizando estas ofertas laborales a trav\u00e9s de la Bolsa de Trabajo de la Universidad Norbert Wiener.<\/p>\n","protected":false},"excerpt":{"rendered":"<p>La Universidad Norbert Wiener y el Consejo Regional II La Libertad del Colegio de Enfermeros del Per\u00fa suscribieron un acuerdo de cooperaci\u00f3n interinstitucional con el prop\u00f3sito de organizar programas comunes que contribuyan al desarrollo profesional de los colegiados e impulsar el nivel de empleabilidad de nuestros estudiantes y egresados. La firma protocolar del convenio se [&hellip;]<\/p>\n","protected":false},"author":4,"featured_media":3493,"comment_status":"open","ping_status":"open","sticky":false,"template":"","format":"standard","meta":{"footnotes":""},"categories":[25],"tags":[],"class_list":["post-3492","post","type-post","status-publish","format-standard","has-post-thumbnail","hentry","category-epgwiener"],"custom_fields_data":{"inline_featured_image":["0"],"hcf_post_fecha":[""],"hcf_post_timeI":[""],"hcf_post_timeF":[""],"hcf_post_lugar":[""],"hcf_post_ingreso":[""],"hcf_post_recomendados":[""],"hcf_post_anexos":[""],"hcf_post_email":[""],"hcf_post_url_face":[""],"hcf_fecha_blog":["2023-10-02"],"hcf_destacado_blog":["on"],"hcf_imagenes":["[{\"image\":\"https:\/\/posgrado.uwiener.edu.pe\/actividades\/wp-content\/uploads\/2023\/10\/5-22.jpg\",\"leyenda\":\"Importante acuerdo de cooperaci\u00f3n interinstitucional, suscribieron la Universidad Norbert Wiener y el Consejo Regional II La Libertad del Colegio de Enfermeros del Per\u00fa.\"},{\"image\":\"https:\/\/posgrado.uwiener.edu.pe\/actividades\/wp-content\/uploads\/2023\/10\/4-41.jpg\",\"leyenda\":\"La firma protocolar del convenio fue realizada por la decana regional Patricia Bola\u00f1os; y el director de la Escuela de Posgrado de la UNW Guillermo Raffo, en representaci\u00f3n del rector, Andr\u00e9s Velarde.\"},{\"image\":\"https:\/\/posgrado.uwiener.edu.pe\/actividades\/wp-content\/uploads\/2023\/10\/2-58.jpg\",\"leyenda\":\"Los firmantes acompa\u00f1ados del ejecutivo de Convenios Corporativos de la Universidad Norbert Wiener, Manuel Garc\u00eda Espinoza. \"}]"],"hcf_thumb_500":[""],"hcf_thumb_1600":[""],"hcf_destacada":[""],"_edit_lock":["1696265603:4"],"_edit_last":["4"],"_thumbnail_id":["3493"],"_field_new_1":[""],"_field_new_2":[""],"_field_new_3":[""],"_field_new_4":[""],"_field_new_5":[""],"_field_new_6":[""],"_field_new_7":[""],"_field_new_8":[""],"rank_math_internal_links_processed":["1"]},"_links":{"self":[{"href":"https:\/\/posgrado.uwiener.edu.pe\/actividades\/wp-json\/wp\/v2\/posts\/3492"}],"collection":[{"href":"https:\/\/posgrado.uwiener.edu.pe\/actividades\/wp-json\/wp\/v2\/posts"}],"about":[{"href":"https:\/\/posgrado.uwiener.edu.pe\/actividades\/wp-json\/wp\/v2\/types\/post"}],"author":[{"embeddable":true,"href":"https:\/\/posgrado.uwiener.edu.pe\/actividades\/wp-json\/wp\/v2\/users\/4"}],"replies":[{"embeddable":true,"href":"https:\/\/posgrado.uwiener.edu.pe\/actividades\/wp-json\/wp\/v2\/comments?post=3492"}],"version-history":[{"count":1,"href":"https:\/\/posgrado.uwiener.edu.pe\/actividades\/wp-json\/wp\/v2\/posts\/3492\/revisions"}],"predecessor-version":[{"id":3496,"href":"https:\/\/posgrado.uwiener.edu.pe\/actividades\/wp-json\/wp\/v2\/posts\/3492\/revisions\/3496"}],"wp:featuredmedia":[{"embeddable":true,"href":"https:\/\/posgrado.uwiener.edu.pe\/actividades\/wp-json\/wp\/v2\/media\/3493"}],"wp:attachment":[{"href":"https:\/\/posgrado.uwiener.edu.pe\/actividades\/wp-json\/wp\/v2\/media?parent=3492"}],"wp:term":[{"taxonomy":"category","embeddable":true,"href":"https:\/\/posgrado.uwiener.edu.pe\/actividades\/wp-json\/wp\/v2\/categories?post=3492"},{"taxonomy":"post_tag","embeddable":true,"href":"https:\/\/posgrado.uwiener.edu.pe\/actividades\/wp-json\/wp\/v2\/tags?post=3492"}],"curies":[{"name":"wp","href":"https:\/\/api.w.org\/{rel}","templated":true}]}}