
{"id":3617,"date":"2023-11-21T15:59:51","date_gmt":"2023-11-21T20:59:51","guid":{"rendered":"https:\/\/posgrado.uwiener.edu.pe\/actividades\/?p=3617"},"modified":"2023-11-21T15:59:52","modified_gmt":"2023-11-21T20:59:52","slug":"docente-de-la-escuela-de-posgrado-da-a-conocer-senales-de-alerta-para-actuar-frente-al-suicidio","status":"publish","type":"post","link":"https:\/\/posgrado.uwiener.edu.pe\/actividades\/noticias\/salud\/docente-de-la-escuela-de-posgrado-da-a-conocer-senales-de-alerta-para-actuar-frente-al-suicidio\/","title":{"rendered":"DOCENTE DE LA ESCUELA DE POSGRADO DA A CONOCER SE\u00d1ALES DE ALERTA PARA ACTUAR FRENTE AL SUICIDIO"},"content":{"rendered":"\n<p>El magister Leonardo Fuerte Monta\u00f1o, docente de la Maestr\u00eda en Docencia Universitaria de la Escuela de Posgrado de la Universidad Norbert Wiener, manifiesta que los casos de suicidio casi siempre suelen asociarse a los cuadros depresivos en funci\u00f3n a su intensidad, especialmente los de tipo grave, debido -seg\u00fan dijo- a que orientan el pensamiento hacia la posibilidad de la autoeliminaci\u00f3n.<\/p>\n\n\n\n<p>\u201cEs fundamental saber escuchar y motivar a la persona a tratar el tema para que se libere de la presi\u00f3n que siente, sea a nivel de pensamiento o sentimental. Es b\u00e1sico explicarle que, hasta cierto punto, todos pasamos por momentos dif\u00edciles y similares, pero siempre vienen d\u00edas mejores. Esto se debe abordar con mucho criterio para evitar caer en el error de desvalorizar sus sentimientos\u201d, aconseja el especialista.<\/p>\n\n\n\n<p>El suicidio afecta a personas de todas las edades, g\u00e9neros, razas y etnias. Seg\u00fan la Organizaci\u00f3n Mundial de la Salud (OMS), cada a\u00f1o m\u00e1s de 800 000 personas en todo el mundo deciden ponerle fin a su existencia. En el Per\u00fa, en el 2022 se contabilizaron 686 casos. Sin embargo, pese a ser un tema preocupante, el suicidio es pocas veces abordado por la sensibilidad que puede generar.<\/p>\n\n\n\n<p>\u201cEs el primer error que se comete al enfrentar este gran problema de salud mental\u201d, advierte el magister Leonardo Fuerte.<\/p>\n\n\n\n<p>Respecto a los indicadores de la posibilidad de intentos suicidas, no se dan diferencias marcadas en cuanto a j\u00f3venes y adultos. \u201cLo que marca la diferencia es la impulsividad de la misma edad ante una situaci\u00f3n cr\u00edtica. Por ejemplo, los j\u00f3venes suelen dejarse llevar por sus emociones f\u00e1cilmente, mientras que las personas adultas lo eval\u00faan reiteradamente hasta llegar a la conclusi\u00f3n errada de que no hay otras alternativas\u201d, comenta.<\/p>\n\n\n\n<p>Frente a ello, Leonardo Fuerte, psic\u00f3logo cl\u00ednico y maestro en Psicolog\u00eda Cl\u00ednica, nos da a conocer cuatro se\u00f1ales de alerta frente a un caso de suicidio:<\/p>\n\n\n\n<p>Las personas que est\u00e1n pensando en suicidarse, a menudo se sienten desesperadas y culpables. Pueden expresar estos sentimientos con palabras o con acciones, como hablar sobre la muerte o el suicidio, o hacer planes para acabar con su vida.<\/p>\n\n\n\n<p><strong>Se a\u00edslan o alejan:<\/strong> El aislamiento es un signo com\u00fan de depresi\u00f3n y otros problemas de salud mental que pueden aumentar el riesgo de suicidio. Cuando las personas se a\u00edslan, se sienten solas y desconectadas de los dem\u00e1s, lo que puede empeorar su estado de \u00e1nimo y aumentar el riesgo de cometer un acto suicida.<\/p>\n\n\n\n<p><strong>Se alteran conductas de alimentaci\u00f3n y presentan cambios bruscos en su rutina de sue\u00f1o o descanso:<\/strong> Los cambios en las conductas de alimentaci\u00f3n y sue\u00f1o pueden ser un signo de que una persona est\u00e1 luchando contra una enfermedad mental o que est\u00e1 experimentando estr\u00e9s o ansiedad.<\/p>\n\n\n\n<p><strong>Pierden el inter\u00e9s por actividades acad\u00e9micas, de distracci\u00f3n o los deportes:<\/strong> La p\u00e9rdida de inter\u00e9s por las actividades que antes disfrutaban es un signo com\u00fan de depresi\u00f3n. Las personas que est\u00e1n pensando en suicidarse, a menudo pierden el inter\u00e9s por las actividades que antes les daban placer.<\/p>\n","protected":false},"excerpt":{"rendered":"<p>El magister Leonardo Fuerte Monta\u00f1o, docente de la Maestr\u00eda en Docencia Universitaria de la Escuela de Posgrado de la Universidad Norbert Wiener, manifiesta que los casos de suicidio casi siempre suelen asociarse a los cuadros depresivos en funci\u00f3n a su intensidad, especialmente los de tipo grave, debido -seg\u00fan dijo- a que orientan el pensamiento hacia [&hellip;]<\/p>\n","protected":false},"author":4,"featured_media":3618,"comment_status":"open","ping_status":"open","sticky":false,"template":"","format":"standard","meta":{"footnotes":""},"categories":[2],"tags":[],"class_list":["post-3617","post","type-post","status-publish","format-standard","has-post-thumbnail","hentry","category-salud"],"custom_fields_data":{"inline_featured_image":["0"],"hcf_post_fecha":[""],"hcf_post_timeI":[""],"hcf_post_timeF":[""],"hcf_post_lugar":[""],"hcf_post_ingreso":[""],"hcf_post_recomendados":[""],"hcf_post_anexos":[""],"hcf_post_email":[""],"hcf_post_url_face":[""],"hcf_fecha_blog":["2023-11-20"],"hcf_destacado_blog":["on"],"hcf_imagenes":["[{\"image\":\"https:\/\/posgrado.uwiener.edu.pe\/actividades\/wp-content\/uploads\/2023\/11\/3-66.jpg\",\"leyenda\":\"\"}]"],"hcf_thumb_500":[""],"hcf_thumb_1600":[""],"hcf_destacada":[""],"_edit_lock":["1700600408:4"],"_thumbnail_id":["3618"],"_edit_last":["4"],"_field_new_1":[""],"_field_new_2":[""],"_field_new_3":[""],"_field_new_4":[""],"_field_new_5":[""],"_field_new_6":[""],"_field_new_7":[""],"_field_new_8":[""],"rank_math_internal_links_processed":["1"]},"_links":{"self":[{"href":"https:\/\/posgrado.uwiener.edu.pe\/actividades\/wp-json\/wp\/v2\/posts\/3617"}],"collection":[{"href":"https:\/\/posgrado.uwiener.edu.pe\/actividades\/wp-json\/wp\/v2\/posts"}],"about":[{"href":"https:\/\/posgrado.uwiener.edu.pe\/actividades\/wp-json\/wp\/v2\/types\/post"}],"author":[{"embeddable":true,"href":"https:\/\/posgrado.uwiener.edu.pe\/actividades\/wp-json\/wp\/v2\/users\/4"}],"replies":[{"embeddable":true,"href":"https:\/\/posgrado.uwiener.edu.pe\/actividades\/wp-json\/wp\/v2\/comments?post=3617"}],"version-history":[{"count":1,"href":"https:\/\/posgrado.uwiener.edu.pe\/actividades\/wp-json\/wp\/v2\/posts\/3617\/revisions"}],"predecessor-version":[{"id":3619,"href":"https:\/\/posgrado.uwiener.edu.pe\/actividades\/wp-json\/wp\/v2\/posts\/3617\/revisions\/3619"}],"wp:featuredmedia":[{"embeddable":true,"href":"https:\/\/posgrado.uwiener.edu.pe\/actividades\/wp-json\/wp\/v2\/media\/3618"}],"wp:attachment":[{"href":"https:\/\/posgrado.uwiener.edu.pe\/actividades\/wp-json\/wp\/v2\/media?parent=3617"}],"wp:term":[{"taxonomy":"category","embeddable":true,"href":"https:\/\/posgrado.uwiener.edu.pe\/actividades\/wp-json\/wp\/v2\/categories?post=3617"},{"taxonomy":"post_tag","embeddable":true,"href":"https:\/\/posgrado.uwiener.edu.pe\/actividades\/wp-json\/wp\/v2\/tags?post=3617"}],"curies":[{"name":"wp","href":"https:\/\/api.w.org\/{rel}","templated":true}]}}