
{"id":3653,"date":"2024-02-12T13:38:29","date_gmt":"2024-02-12T18:38:29","guid":{"rendered":"https:\/\/posgrado.uwiener.edu.pe\/actividades\/?p=3653"},"modified":"2024-02-12T13:38:29","modified_gmt":"2024-02-12T18:38:29","slug":"universidad-norbert-wiener-y-colegio-medico-del-peru-consejo-regional-ix-ica-suscriben-acuerdo-de-cooperacion-interinstitucional","status":"publish","type":"post","link":"https:\/\/posgrado.uwiener.edu.pe\/actividades\/noticias\/epgwiener\/universidad-norbert-wiener-y-colegio-medico-del-peru-consejo-regional-ix-ica-suscriben-acuerdo-de-cooperacion-interinstitucional\/","title":{"rendered":"UNIVERSIDAD NORBERT WIENER Y COLEGIO M\u00c9DICO DEL PER\u00da CONSEJO REGIONAL IX\u2013ICA SUSCRIBEN ACUERDO DE COOPERACI\u00d3N INTERINSTITUCIONAL"},"content":{"rendered":"\n<p>La Universidad Norbert Wiener y el Colegio M\u00e9dico del Per\u00fa Consejo Regional IX<strong>\u2013<\/strong>Ica firmaron un acuerdo de cooperaci\u00f3n interinstitucional que permitir\u00e1 el desarrollo acad\u00e9mico de los miembros de la instituci\u00f3n aliada, as\u00ed como la realizaci\u00f3n de actividades conjuntas de responsabilidad social en beneficio de la comunidad.<\/p>\n\n\n\n<p>La firma protocolar del convenio se realiz\u00f3 el mi\u00e9rcoles 7 de febrero en nuestra sede institucional por el decano del Colegio M\u00e9dico del Per\u00fa Consejo Regional IX\u2013Ica, Luis Mu\u00f1ante Aparcana, y el director de la Escuela de Posgrado de la Universidad Norbert Wiener, Guillermo Raffo Ibarra, en nombre del Rectorado.<\/p>\n\n\n\n<p>El acuerdo, cuya vigencia es de tres a\u00f1os, tiene por objeto organizar y desarrollar programas conjuntos que contribuyan a mejorar el nivel profesional y acad\u00e9mico de los colegiados. Asimismo, fomentar acciones de bienestar con programas de formaci\u00f3n acad\u00e9mica, asign\u00e1ndoles a los beneficiarios una tarifa preferencial.<\/p>\n\n\n\n<p>Esta nueva alianza beneficiar\u00e1 tanto a los colegiados como a los trabajadores del Colegio, as\u00ed como a sus familiares directos (c\u00f3nyuge e hijos), quienes podr\u00e1n acceder<strong>\u2013<\/strong>con tarifas preferenciales, correspondientes a convenios<strong>\u2013<\/strong> a los servicios educativos en las carreras profesionales de pregrado (a excepci\u00f3n de la carrera de Medicina Humana y el periodo de internado de las carreras de la Facultad de Ciencias de la Salud), programas de posgrado y Centro de Idiomas.<\/p>\n\n\n\n<p>Tambi\u00e9n se les otorgar\u00e1 descuentos corporativos en los servicios del Centro de Terapia F\u00edsica y Centro Odontol\u00f3gico de la Universidad Norbert Wiener, seg\u00fan la tarifa corporativa vigente en el momento que el beneficiario solicita el servicio.<\/p>\n\n\n\n<p>El convenio establece tambi\u00e9n la participaci\u00f3n del Colegio, de acuerdo a su disponibilidad, en campa\u00f1as de investigaci\u00f3n y de responsabilidad social, y actividades acad\u00e9micas (charlas, conferencias) que la Universidad realice en favor de sus estudiantes y egresados.<\/p>\n\n\n\n<p>Para el logro de los objetivos, las instituciones aliadas designar\u00e1n a un representante que se encargar\u00e1 de elaborar los lineamientos generales para el desarrollo del plan de trabajo, y de evaluar e informar sobre los resultados de la cooperaci\u00f3n derivada del presente acuerdo, identificando los inconvenientes y las posibilidades de mejora en la ejecuci\u00f3n del mismo.<\/p>\n","protected":false},"excerpt":{"rendered":"<p>La Universidad Norbert Wiener y el Colegio M\u00e9dico del Per\u00fa Consejo Regional IX\u2013Ica firmaron un acuerdo de cooperaci\u00f3n interinstitucional que permitir\u00e1 el desarrollo acad\u00e9mico de los miembros de la instituci\u00f3n aliada, as\u00ed como la realizaci\u00f3n de actividades conjuntas de responsabilidad social en beneficio de la comunidad. La firma protocolar del convenio se realiz\u00f3 el mi\u00e9rcoles [&hellip;]<\/p>\n","protected":false},"author":4,"featured_media":0,"comment_status":"open","ping_status":"open","sticky":false,"template":"","format":"standard","meta":{"footnotes":""},"categories":[25],"tags":[],"class_list":["post-3653","post","type-post","status-publish","format-standard","hentry","category-epgwiener"],"custom_fields_data":{"inline_featured_image":["0"],"hcf_post_fecha":[""],"hcf_post_timeI":[""],"hcf_post_timeF":[""],"hcf_post_lugar":[""],"hcf_post_ingreso":[""],"hcf_post_recomendados":[""],"hcf_post_anexos":[""],"hcf_post_email":[""],"hcf_post_url_face":[""],"hcf_fecha_blog":["2024-02-12"],"hcf_destacado_blog":["on"],"hcf_imagenes":["[{\"image\":\"https:\/\/posgrado.uwiener.edu.pe\/actividades\/wp-content\/uploads\/2024\/02\/1-2024-02-12T111250.047.jpg\",\"leyenda\":\"El decano del Colegio M\u00e9dico del Per\u00fa Consejo Regional IX\u2013Ica, Luis Mu\u00f1ante, y el director de la Escuela de Posgrado de la UNW, Guillermo Raffo, participaron en la firma protocolar del convenio.\"},{\"image\":\"https:\/\/posgrado.uwiener.edu.pe\/actividades\/wp-content\/uploads\/2024\/02\/3-86.jpg\",\"leyenda\":\"El acuerdo suscrito entre la Universidad Norbert Wiener y el Colegio M\u00e9dico del Per\u00fa Consejo Regional IX\u2013Ica tiene una vigencia de tres a\u00f1os. \"},{\"image\":\"https:\/\/posgrado.uwiener.edu.pe\/actividades\/wp-content\/uploads\/2024\/02\/2-2024-02-12T111254.217.jpg\",\"leyenda\":\"La nueva alianza tiene por objeto organizar y desarrollar programas conjuntos en el campo acad\u00e9mico y de responsabilidad social.\"}]"],"hcf_thumb_500":[""],"hcf_thumb_1600":[""],"hcf_destacada":[""],"_edit_lock":["1707763146:4"],"_edit_last":["4"],"_field_new_1":[""],"_field_new_2":[""],"_field_new_3":[""],"_field_new_4":[""],"_field_new_5":[""],"_field_new_6":[""],"_field_new_7":[""],"_field_new_8":[""],"_field_new_9":[""],"_field_new_10":[""],"rank_math_internal_links_processed":["1"]},"_links":{"self":[{"href":"https:\/\/posgrado.uwiener.edu.pe\/actividades\/wp-json\/wp\/v2\/posts\/3653"}],"collection":[{"href":"https:\/\/posgrado.uwiener.edu.pe\/actividades\/wp-json\/wp\/v2\/posts"}],"about":[{"href":"https:\/\/posgrado.uwiener.edu.pe\/actividades\/wp-json\/wp\/v2\/types\/post"}],"author":[{"embeddable":true,"href":"https:\/\/posgrado.uwiener.edu.pe\/actividades\/wp-json\/wp\/v2\/users\/4"}],"replies":[{"embeddable":true,"href":"https:\/\/posgrado.uwiener.edu.pe\/actividades\/wp-json\/wp\/v2\/comments?post=3653"}],"version-history":[{"count":1,"href":"https:\/\/posgrado.uwiener.edu.pe\/actividades\/wp-json\/wp\/v2\/posts\/3653\/revisions"}],"predecessor-version":[{"id":3657,"href":"https:\/\/posgrado.uwiener.edu.pe\/actividades\/wp-json\/wp\/v2\/posts\/3653\/revisions\/3657"}],"wp:attachment":[{"href":"https:\/\/posgrado.uwiener.edu.pe\/actividades\/wp-json\/wp\/v2\/media?parent=3653"}],"wp:term":[{"taxonomy":"category","embeddable":true,"href":"https:\/\/posgrado.uwiener.edu.pe\/actividades\/wp-json\/wp\/v2\/categories?post=3653"},{"taxonomy":"post_tag","embeddable":true,"href":"https:\/\/posgrado.uwiener.edu.pe\/actividades\/wp-json\/wp\/v2\/tags?post=3653"}],"curies":[{"name":"wp","href":"https:\/\/api.w.org\/{rel}","templated":true}]}}