
{"id":3909,"date":"2024-05-29T15:42:04","date_gmt":"2024-05-29T20:42:04","guid":{"rendered":"https:\/\/posgrado.uwiener.edu.pe\/actividades\/?p=3909"},"modified":"2024-05-29T16:38:26","modified_gmt":"2024-05-29T21:38:26","slug":"universidad-norbert-wiener-y-ministerio-de-salud-suscriben-convenio-de-cooperacion-interinstitucional-que-facilitara-la-capacitacion-del-personal-del-minsa","status":"publish","type":"post","link":"https:\/\/posgrado.uwiener.edu.pe\/actividades\/noticias\/epgwiener\/universidad-norbert-wiener-y-ministerio-de-salud-suscriben-convenio-de-cooperacion-interinstitucional-que-facilitara-la-capacitacion-del-personal-del-minsa\/","title":{"rendered":"UNIVERSIDAD NORBERT WIENER Y MINISTERIO DE SALUD SUSCRIBEN CONVENIO DE COOPERACI\u00d3N INTERINSTITUCIONAL QUE FACILITAR\u00c1 LA CAPACITACI\u00d3N DEL PERSONAL DEL MINSA"},"content":{"rendered":"\n<p>La Universidad Norbert Wiener y el Ministerio de Salud (Minsa) firmaron un convenio espec\u00edfico de cooperaci\u00f3n interinstitucional, orientado a la capacitaci\u00f3n del personal de la mencionada entidad p\u00fablica con programas acad\u00e9micos que elevar\u00e1n su perfil profesional, entre otros beneficios que les otorga nuestra instituci\u00f3n educativa.<\/p>\n\n\n\n<p>La firma protocolar del convenio se realiz\u00f3 el mi\u00e9rcoles 22 de mayo en la sede del Minsa, por el director general de Gesti\u00f3n de Recursos Humanos del Ministerio de Salud, Dr. Luis Tello Ver\u00e1stegui; y el director de la Escuela de Posgrado de la Universidad Norbert Wiener, Dr. Guillermo Raffo Ibarra, en representaci\u00f3n del rector, Dr. Alberto Bejarano Heredia.<\/p>\n\n\n\n<p>El acuerdo, cuya vigencia es de cinco a\u00f1os, tiene por objeto establecer los lineamientos para la capacitaci\u00f3n del personal de la entidad p\u00fablica con programas acad\u00e9micos que elevar\u00e1n su perfil profesional, como maestr\u00edas, segundas especialidades, diplomados, cursos de actualizaci\u00f3n, conferencias, seminarios, talleres, entre otros.<\/p>\n\n\n\n<p>Los beneficios del convenio alcanzan tanto al personal del Minsa como a sus familiares directos (c\u00f3nyuge e hijos), quienes podr\u00e1n acceder \u0336con tarifas preferenciales, correspondientes a convenios\u0336 a los servicios educativos en las carreras profesionales de pregrado (a excepci\u00f3n de la carrera de Medicina Humana y el periodo de internado de las carreras de la Facultad de Ciencias de la Salud), programas de posgrado y Centro de Idiomas.&nbsp;<\/p>\n\n\n\n<p>Asimismo, se les otorgar\u00e1 descuentos corporativos en los servicios del Centro de Terapia F\u00edsica y Centro Odontol\u00f3gico de la Universidad Norbert Wiener, seg\u00fan la tarifa corporativa vigente en el momento en que el beneficiario solicita el servicio.<\/p>\n\n\n\n<p>En la suscripci\u00f3n del convenio, adem\u00e1s de los firmantes, estuvieron presentes el director ejecutivo de la Oficina de Desarrollo de Recursos Humanos del Minsa, David Aponte Jurado, y el ejecutivo de Convenios Corporativos de la Universidad Norbert Wiener, Daniel Quispe.<\/p>\n\n\n\n<p>Las palabras de bienvenida estuvieron a cargo del Ing. Aponte, quien resalt\u00f3 la importancia de la suscripci\u00f3n del convenio que, seg\u00fan dijo, potenciar\u00e1 el sistema de capacitaciones programadas por su \u00e1rea con el fin de fortalecer el desarrollo laboral y profesional de los servidores p\u00fablicos del sector.<\/p>\n\n\n\n<p>En tanto, el doctor Tello sostuvo que los beneficios del convenio se ver\u00e1n reflejados en una mejora de la educaci\u00f3n del personal que labora en el Minsa, quienes podr\u00e1n fortalecer sus capacidades y tener un mejor desempe\u00f1o laboral. \u201cMuchos quieren estudiar una segunda especialidad; ahora, con las tarifas preferenciales, ya podr\u00e1n hacerlo\u201d, coment\u00f3.<\/p>\n\n\n\n<p>A su turno, el doctor Guillermo Raffo se refiri\u00f3 a los beneficios de la firma del convenio entre dos instituciones importantes (el Minsa y la UNW). Asimismo, dio a conocer la oferta educativa de la Escuela de Posgrado en salud y gesti\u00f3n, haciendo hincapi\u00e9 en el nuevo programa, Maestr\u00eda en Administraci\u00f3n de Negocios (MBA), que se diferencia de todas las dem\u00e1s por ser la primera en el Per\u00fa con una malla curricular potenciada por Arizona State University (ASU).<\/p>\n\n\n\n<p>\u201cEste convenio fortalece y contribuye al desarrollo profesional del personal del Ministerio de Salud, en el campo de salud y gesti\u00f3n\u201d, expres\u00f3.<\/p>\n","protected":false},"excerpt":{"rendered":"<p>La Universidad Norbert Wiener y el Ministerio de Salud (Minsa) firmaron un convenio espec\u00edfico de cooperaci\u00f3n interinstitucional, orientado a la capacitaci\u00f3n del personal de la mencionada entidad p\u00fablica con programas acad\u00e9micos que elevar\u00e1n su perfil profesional, entre otros beneficios que les otorga nuestra instituci\u00f3n educativa. La firma protocolar del convenio se realiz\u00f3 el mi\u00e9rcoles 22 [&hellip;]<\/p>\n","protected":false},"author":4,"featured_media":3910,"comment_status":"open","ping_status":"open","sticky":false,"template":"","format":"standard","meta":{"footnotes":""},"categories":[25],"tags":[],"class_list":["post-3909","post","type-post","status-publish","format-standard","has-post-thumbnail","hentry","category-epgwiener"],"custom_fields_data":{"inline_featured_image":["0"],"hcf_post_fecha":[""],"hcf_post_timeI":[""],"hcf_post_timeF":[""],"hcf_post_lugar":[""],"hcf_post_ingreso":[""],"hcf_post_recomendados":[""],"hcf_post_anexos":[""],"hcf_post_email":[""],"hcf_post_url_face":[""],"hcf_fecha_blog":["2024-05-29"],"hcf_destacado_blog":["on"],"hcf_imagenes":["[{\"image\":\"https:\/\/posgrado.uwiener.edu.pe\/actividades\/wp-content\/uploads\/2024\/05\/5-7.jpg\",\"leyenda\":\"Luis Tello, director general de Gesti\u00f3n de Recursos Humanos del Ministerio de Salud, y Guillermo Raffo, director de la Escuela de Posgrado de la Universidad Norbert Wiener. \"},{\"image\":\"https:\/\/posgrado.uwiener.edu.pe\/actividades\/wp-content\/uploads\/2024\/05\/4-9.jpg\",\"leyenda\":\"El convenio beneficiar\u00e1 al personal que labora en el Ministerio de Salud y sus familiares directos (c\u00f3nyuge e hijos).\"},{\"image\":\"https:\/\/posgrado.uwiener.edu.pe\/actividades\/wp-content\/uploads\/2024\/05\/1-15.jpg\",\"leyenda\":\"De izquierda a derecha: David Aponte, director ejecutivo de la Oficina de Desarrollo de Recursos Humanos del Minsa, Luis Tello y Guillermo Raffo.\"},{\"image\":\"https:\/\/posgrado.uwiener.edu.pe\/actividades\/wp-content\/uploads\/2024\/05\/3-10.jpg\",\"leyenda\":\"La firma protocolar del convenio se realiz\u00f3 el mi\u00e9rcoles 22 de mayo en la sede del Ministerio de Salud.\"},{\"image\":\"https:\/\/posgrado.uwiener.edu.pe\/actividades\/wp-content\/uploads\/2024\/05\/2-11.jpg\",\"leyenda\":\"Los firmantes del acuerdo acompa\u00f1ados de representantes del Minsa y de la Universidad Norbert Wiener.\"}]"],"hcf_thumb_500":[""],"hcf_thumb_1600":[""],"hcf_destacada":[""],"_edit_lock":["1717018854:4"],"_thumbnail_id":["3910"],"_edit_last":["4"],"_field_new_1":[""],"_field_new_2":[""],"_field_new_3":[""],"_field_new_4":[""],"_field_new_5":[""],"_field_new_6":[""],"_field_new_7":[""],"_field_new_8":[""],"_field_new_9":[""],"_field_new_10":[""],"rank_math_internal_links_processed":["1"]},"_links":{"self":[{"href":"https:\/\/posgrado.uwiener.edu.pe\/actividades\/wp-json\/wp\/v2\/posts\/3909"}],"collection":[{"href":"https:\/\/posgrado.uwiener.edu.pe\/actividades\/wp-json\/wp\/v2\/posts"}],"about":[{"href":"https:\/\/posgrado.uwiener.edu.pe\/actividades\/wp-json\/wp\/v2\/types\/post"}],"author":[{"embeddable":true,"href":"https:\/\/posgrado.uwiener.edu.pe\/actividades\/wp-json\/wp\/v2\/users\/4"}],"replies":[{"embeddable":true,"href":"https:\/\/posgrado.uwiener.edu.pe\/actividades\/wp-json\/wp\/v2\/comments?post=3909"}],"version-history":[{"count":1,"href":"https:\/\/posgrado.uwiener.edu.pe\/actividades\/wp-json\/wp\/v2\/posts\/3909\/revisions"}],"predecessor-version":[{"id":3915,"href":"https:\/\/posgrado.uwiener.edu.pe\/actividades\/wp-json\/wp\/v2\/posts\/3909\/revisions\/3915"}],"wp:featuredmedia":[{"embeddable":true,"href":"https:\/\/posgrado.uwiener.edu.pe\/actividades\/wp-json\/wp\/v2\/media\/3910"}],"wp:attachment":[{"href":"https:\/\/posgrado.uwiener.edu.pe\/actividades\/wp-json\/wp\/v2\/media?parent=3909"}],"wp:term":[{"taxonomy":"category","embeddable":true,"href":"https:\/\/posgrado.uwiener.edu.pe\/actividades\/wp-json\/wp\/v2\/categories?post=3909"},{"taxonomy":"post_tag","embeddable":true,"href":"https:\/\/posgrado.uwiener.edu.pe\/actividades\/wp-json\/wp\/v2\/tags?post=3909"}],"curies":[{"name":"wp","href":"https:\/\/api.w.org\/{rel}","templated":true}]}}