
{"id":4022,"date":"2024-08-14T12:35:30","date_gmt":"2024-08-14T17:35:30","guid":{"rendered":"https:\/\/posgrado.uwiener.edu.pe\/actividades\/?p=4022"},"modified":"2024-08-14T12:55:04","modified_gmt":"2024-08-14T17:55:04","slug":"especialistas-de-colombia-y-mexico-dictaron-conferencias-magistrales-a-enfermeras-de-la-segunda-especialidad-de-enfermeria-de-la-universidad-norbert-wiener","status":"publish","type":"post","link":"https:\/\/posgrado.uwiener.edu.pe\/actividades\/noticias\/enfermeria\/especialistas-de-colombia-y-mexico-dictaron-conferencias-magistrales-a-enfermeras-de-la-segunda-especialidad-de-enfermeria-de-la-universidad-norbert-wiener\/","title":{"rendered":"ESPECIALISTAS DE COLOMBIA Y M\u00c9XICO DICTARON CONFERENCIAS MAGISTRALES A ENFERMERAS DE LA SEGUNDA ESPECIALIDAD DE ENFERMER\u00cdA DE LA UNIVERSIDAD NORBERT WIENER"},"content":{"rendered":"\n<p>Con la finalidad de dar a conocer la importancia del cuidado del profesional enfermero en el tratamiento de heridas y ostom\u00edas, as\u00ed como el significativo rol que cumplen dentro del equipo multidisciplinario de salud, el Programa de Segunda Especialidad de Enfermer\u00eda en Cuidados Quir\u00fargicos con menci\u00f3n en Tratamiento Avanzado en Heridas y Ostom\u00edas program\u00f3 dos magistrales conferencias en formato presencial.<\/p>\n\n\n\n<p>Las ponencias estuvieron a cargo de la maestra Guadalupe Lobo Cordero, directora de la Escuela de Enfermer\u00eda de Global University, M\u00e9xico, y de la doctora Carol Serna (Colombia), de la Cl\u00ednica Essity Health and Medical, regi\u00f3n andina y Caribe.<\/p>\n\n\n\n<p>La maestra Guadalupe Lobo, estomaterapeuta y autora de varios cap\u00edtulos de libros y revistas en heridas y apoyo en consensos de heridas y estomas, ofreci\u00f3 la conferencia \u201cCuidados del paciente con estomas de eliminaci\u00f3n\u201d, en la que se refiri\u00f3 al uso de tecnolog\u00edas innovadoras para la realizaci\u00f3n de este procedimiento que ayudar\u00e1n a mejorar su calidad de vida.<\/p>\n\n\n\n<p>En tanto, Carol Serna, doctora en Ciencias, investigadora y asesora cient\u00edfica de proyectos en el \u00e1rea de cuidado de heridas, dict\u00f3 la charla magistral \u201cEst\u00e1ndar oro en el cuidado de infecci\u00f3n en heridas de dif\u00edcil cicatrizaci\u00f3n\u201d.<\/p>\n\n\n\n<p>En su exposici\u00f3n, la enfermera especialista en el cuidado de heridas recomend\u00f3 sacar el conocimiento de los consultorios y hacerlo p\u00fablico para que pacientes de diferentes lugares del mundo puedan beneficiarse.<\/p>\n\n\n\n<p>La presentaci\u00f3n de ambas ponentes estuvo a cargo de La Mg. Mar\u00eda Montalv\u00e1n, coordinadora del Programa de Segunda Especialidad de Enfermer\u00eda en Cuidados Quir\u00fargicos con menci\u00f3n en Tratamiento Avanzado en Heridas y Ostom\u00edas, quien destac\u00f3 la importancia de las actividades por ser un espacio de aprendizaje para el mejor desempe\u00f1o de la profesi\u00f3n.<\/p>\n\n\n\n<p>\u201cLa presencia de ustedes en estos eventos es importante porque tienen la oportunidad de seguir aprendiendo para brindar cuidado y atenci\u00f3n de calidad al paciente, basado en el conocimiento cient\u00edfico\u201d, manifest\u00f3.<\/p>\n\n\n\n<p>Cabe indicar que el Programa de Segunda Especialidad de Enfermer\u00eda en Cuidados Quir\u00fargicos con menci\u00f3n en Tratamiento Avanzado en Heridas y Ostom\u00edas de la Universidad Norbert Wiener forma profesionales especializados en el uso de recursos cient\u00ed\ufb01cos para el cuidado quir\u00fargico y atenci\u00f3n especial en tratamiento en heridas y ostom\u00edas, con alto perfil \u00e9tico y human\u00edstico, orientado adem\u00e1s a la prevenci\u00f3n de complicaciones y educaci\u00f3n para la rehabilitaci\u00f3n del paciente.<\/p>\n","protected":false},"excerpt":{"rendered":"<p>Con la finalidad de dar a conocer la importancia del cuidado del profesional enfermero en el tratamiento de heridas y ostom\u00edas, as\u00ed como el significativo rol que cumplen dentro del equipo multidisciplinario de salud, el Programa de Segunda Especialidad de Enfermer\u00eda en Cuidados Quir\u00fargicos con menci\u00f3n en Tratamiento Avanzado en Heridas y Ostom\u00edas program\u00f3 dos [&hellip;]<\/p>\n","protected":false},"author":4,"featured_media":4023,"comment_status":"open","ping_status":"open","sticky":false,"template":"","format":"standard","meta":{"footnotes":""},"categories":[43],"tags":[],"class_list":["post-4022","post","type-post","status-publish","format-standard","has-post-thumbnail","hentry","category-enfermeria"],"custom_fields_data":{"inline_featured_image":["0"],"hcf_post_fecha":[""],"hcf_post_timeI":[""],"hcf_post_timeF":[""],"hcf_post_lugar":[""],"hcf_post_ingreso":[""],"hcf_post_recomendados":[""],"hcf_post_anexos":[""],"hcf_post_email":[""],"hcf_post_url_face":[""],"hcf_fecha_blog":["2024-08-14"],"hcf_destacado_blog":["on"],"hcf_imagenes":["[{\"image\":\"https:\/\/posgrado.uwiener.edu.pe\/actividades\/wp-content\/uploads\/2024\/08\/1-65.jpg\",\"leyenda\":\"La Dra. Carol Serna (Colombia) ofreci\u00f3 la conferencia magistral \u201cEst\u00e1ndar oro en el cuidado de infecci\u00f3n en heridas de dif\u00edcil cicatrizaci\u00f3n\u201d.\"},{\"image\":\"https:\/\/posgrado.uwiener.edu.pe\/actividades\/wp-content\/uploads\/2024\/08\/4-46.jpg\",\"leyenda\":\"Guadalupe Lobo, directora de la Escuela de Enfermer\u00eda de Global University, M\u00e9xico, dict\u00f3 la ponencia \u201cCuidados del paciente con estomas de eliminaci\u00f3n\u201d.\"},{\"image\":\"https:\/\/posgrado.uwiener.edu.pe\/actividades\/wp-content\/uploads\/2024\/08\/5-38.jpg\",\"leyenda\":\"En su ponencia, la Dra. Serna explic\u00f3 la importancia de aplicar otros procedimientos para el cuidado de infecci\u00f3n en heridas de dif\u00edcil cicatrizaci\u00f3n.\"},{\"image\":\"https:\/\/posgrado.uwiener.edu.pe\/actividades\/wp-content\/uploads\/2024\/08\/2-59.jpg\",\"leyenda\":\"La Mg. Mar\u00eda Montalv\u00e1n, coordinadora del Programa de Segunda Especialidad de Enfermer\u00eda en Cuidados Quir\u00fargicos con menci\u00f3n en Tratamiento Avanzado en Heridas y Ostom\u00edas, hizo la presentaci\u00f3n de nuestras invitadas.\"},{\"image\":\"https:\/\/posgrado.uwiener.edu.pe\/actividades\/wp-content\/uploads\/2024\/08\/3-53.jpg\",\"leyenda\":\"Las conferencias magistrales estuvieron dirigidas a las enfermeras del Programa de Segunda Especialidad de Enfermer\u00eda en Cuidados Quir\u00fargicos con menci\u00f3n en Tratamiento Avanzado en Heridas y Ostom\u00edas.\"}]"],"hcf_thumb_500":[""],"hcf_thumb_1600":[""],"hcf_destacada":[""],"_edit_lock":["1723658289:4"],"_thumbnail_id":["4023"],"_edit_last":["4"],"_field_new_1":[""],"_field_new_2":[""],"_field_new_3":[""],"_field_new_4":[""],"_field_new_5":[""],"_field_new_6":[""],"_field_new_7":[""],"_field_new_8":[""],"_field_new_9":[""],"_field_new_10":[""],"rank_math_internal_links_processed":["1"]},"_links":{"self":[{"href":"https:\/\/posgrado.uwiener.edu.pe\/actividades\/wp-json\/wp\/v2\/posts\/4022"}],"collection":[{"href":"https:\/\/posgrado.uwiener.edu.pe\/actividades\/wp-json\/wp\/v2\/posts"}],"about":[{"href":"https:\/\/posgrado.uwiener.edu.pe\/actividades\/wp-json\/wp\/v2\/types\/post"}],"author":[{"embeddable":true,"href":"https:\/\/posgrado.uwiener.edu.pe\/actividades\/wp-json\/wp\/v2\/users\/4"}],"replies":[{"embeddable":true,"href":"https:\/\/posgrado.uwiener.edu.pe\/actividades\/wp-json\/wp\/v2\/comments?post=4022"}],"version-history":[{"count":2,"href":"https:\/\/posgrado.uwiener.edu.pe\/actividades\/wp-json\/wp\/v2\/posts\/4022\/revisions"}],"predecessor-version":[{"id":4030,"href":"https:\/\/posgrado.uwiener.edu.pe\/actividades\/wp-json\/wp\/v2\/posts\/4022\/revisions\/4030"}],"wp:featuredmedia":[{"embeddable":true,"href":"https:\/\/posgrado.uwiener.edu.pe\/actividades\/wp-json\/wp\/v2\/media\/4023"}],"wp:attachment":[{"href":"https:\/\/posgrado.uwiener.edu.pe\/actividades\/wp-json\/wp\/v2\/media?parent=4022"}],"wp:term":[{"taxonomy":"category","embeddable":true,"href":"https:\/\/posgrado.uwiener.edu.pe\/actividades\/wp-json\/wp\/v2\/categories?post=4022"},{"taxonomy":"post_tag","embeddable":true,"href":"https:\/\/posgrado.uwiener.edu.pe\/actividades\/wp-json\/wp\/v2\/tags?post=4022"}],"curies":[{"name":"wp","href":"https:\/\/api.w.org\/{rel}","templated":true}]}}