
{"id":4428,"date":"2025-06-19T09:49:50","date_gmt":"2025-06-19T14:49:50","guid":{"rendered":"https:\/\/posgrado.uwiener.edu.pe\/actividades\/?p=4428"},"modified":"2025-06-19T09:49:50","modified_gmt":"2025-06-19T14:49:50","slug":"universidad-norbert-wiener-y-colegio-odontologico-del-peru-region-lima-suscriben-convenio-de-cooperacion-interinstitucional","status":"publish","type":"post","link":"https:\/\/posgrado.uwiener.edu.pe\/actividades\/noticias\/epgwiener\/universidad-norbert-wiener-y-colegio-odontologico-del-peru-region-lima-suscriben-convenio-de-cooperacion-interinstitucional\/","title":{"rendered":"UNIVERSIDAD NORBERT WIENER Y COLEGIO ODONTOL\u00d3GICO DEL PER\u00da-REGI\u00d3N LIMA SUSCRIBEN CONVENIO DE COOPERACI\u00d3N INTERINSTITUCIONAL"},"content":{"rendered":"\n<p>La Universidad Norbert Wiener y el Colegio Odontol\u00f3gico del Per\u00fa-Regi\u00f3n Lima suscribieron un convenio marco de cooperaci\u00f3n interinstitucional que permitir\u00e1 la capacitaci\u00f3n de los cirujanos dentistas habilitados, quienes podr\u00e1n acceder a programas acad\u00e9micos de posgrado con tarifas preferenciales.<\/p>\n\n\n\n<p>El acuerdo, cuya vigencia es de dos a\u00f1os, fue firmado en la sede del Colegio Odontol\u00f3gico del Per\u00fa-Regi\u00f3n Lima por el decano, Jos\u00e9 Rojas Rueda, y el gerente Legal de la Universidad Norbert Wiener, Khristian Vigil Vega, quienes estuvieron acompa\u00f1ados en la mesa de honor por el vicedecano de la instituci\u00f3n aliada, Jaime Otero Injoque.<\/p>\n\n\n\n<p>El presente convenio tiene por objeto organizar y desarrollar programas conjuntos que contribuyan a elevar el nivel profesional y acad\u00e9mico de los colegiados, trabajadores, y sus familiares directos (c\u00f3nyuge e hijos), as\u00ed como fomentar acciones de bienestar en favor de la comunidad.<\/p>\n\n\n\n<p>Los beneficiarios podr\u00e1n acceder -con tarifas preferenciales, correspondientes a convenios- a los servicios educativos en los programas de pregrado (a excepci\u00f3n de Medicina Humana y el per\u00edodo de internado de los programas de la Facultad de Ciencias de la Salud), de posgrado y Centro de Idiomas.&nbsp;<\/p>\n\n\n\n<p>Asimismo, se les otorgar\u00e1 descuentos corporativos en los servicios del Centro de Terapia F\u00edsica y Centro Odontol\u00f3gico de la Universidad Norbert Wiener, seg\u00fan la tarifa corporativa vigente en el momento que el beneficiario solicite el servicio.<\/p>\n\n\n\n<p>El presente convenio establece tambi\u00e9n que el Colegio Odontol\u00f3gico del Per\u00fa-Regi\u00f3n Lima promueva espacios de mediaci\u00f3n e inserci\u00f3n laboral, previa coordinaci\u00f3n, en beneficio de los estudiantes, egresados y titulados de la Universidad Norbert Wiener, canalizando estas ofertas laborales a trav\u00e9s de la Bolsa de Trabajo de nuestra casa de estudios.<\/p>\n\n\n\n<p>Del mismo modo, se acuerda la participaci\u00f3n de la instituci\u00f3n aliada, de acuerdo con su disponibilidad, en actividades de responsabilidad social y de capacitaci\u00f3n (charlas, conferencias) en favor de nuestra comunidad universitaria.<\/p>\n\n\n\n<p>En su intervenci\u00f3n, el decano destac\u00f3 la importancia de la firma de esta alianza que, seg\u00fan dijo, contribuir\u00e1 a elevar el nivel profesional de los agremiados. \u201cEste convenio es de gran utilidad, ya que permitir\u00e1 la preparaci\u00f3n continua de nuestros cirujanos dentistas. Adem\u00e1s, se suma a los muchos otros beneficios que tenemos para nuestros colegiados\u201d, manifest\u00f3.<\/p>\n\n\n\n<p>Por su parte, el gerente legal de la Universidad Norbert Wiener reiter\u00f3 el compromiso de la instituci\u00f3n de ofrecerles una educaci\u00f3n de calidad a tarifas preferenciales, asignadas a convenios, a los colegiados habilitados, trabajadores, y sus familiares directos en los diversos programas acad\u00e9micos que ofrece nuestra casa de estudios.<\/p>\n\n\n\n<p>En la firma del convenio estuvieron tambi\u00e9n presentes el jefe Legal de la Universidad Norbert Wiener, Walter Tapia Alva, y el ejecutivo de convenios corporativos de la Escuela de Posgrado, Manuel Garc\u00eda Espinoza.<\/p>\n","protected":false},"excerpt":{"rendered":"<p>La Universidad Norbert Wiener y el Colegio Odontol\u00f3gico del Per\u00fa-Regi\u00f3n Lima suscribieron un convenio marco de cooperaci\u00f3n interinstitucional que permitir\u00e1 la capacitaci\u00f3n de los cirujanos dentistas habilitados, quienes podr\u00e1n acceder a programas acad\u00e9micos de posgrado con tarifas preferenciales. El acuerdo, cuya vigencia es de dos a\u00f1os, fue firmado en la sede del Colegio Odontol\u00f3gico del [&hellip;]<\/p>\n","protected":false},"author":4,"featured_media":4429,"comment_status":"open","ping_status":"open","sticky":false,"template":"","format":"standard","meta":{"footnotes":""},"categories":[25],"tags":[],"class_list":["post-4428","post","type-post","status-publish","format-standard","has-post-thumbnail","hentry","category-epgwiener"],"custom_fields_data":{"inline_featured_image":["0"],"hcf_post_fecha":[""],"hcf_post_timeI":[""],"hcf_post_timeF":[""],"hcf_post_lugar":[""],"hcf_post_ingreso":[""],"hcf_post_recomendados":[""],"hcf_post_anexos":[""],"hcf_post_email":[""],"hcf_post_url_face":[""],"hcf_fecha_blog":["2025-06-18"],"hcf_destacado_blog":["on"],"hcf_imagenes":["[{\"image\":\"https:\/\/posgrado.uwiener.edu.pe\/actividades\/wp-content\/uploads\/2025\/06\/7-13.jpg\",\"leyenda\":\"La Universidad Norbert Wiener y el Colegio Odontol\u00f3gico del Per\u00fa-Regi\u00f3n Lima suscribieron un importante convenio de cooperaci\u00f3n interinstitucional.\"},{\"image\":\"https:\/\/posgrado.uwiener.edu.pe\/actividades\/wp-content\/uploads\/2025\/06\/6-20.jpg\",\"leyenda\":\"La firma del acuerdo tuvo lugar en la sede institucional del Colegio Odontol\u00f3gico del Per\u00fa-Regi\u00f3n Lima. \"},{\"image\":\"https:\/\/posgrado.uwiener.edu.pe\/actividades\/wp-content\/uploads\/2025\/06\/8-11.jpg\",\"leyenda\":\"Adem\u00e1s de los firmantes, tambi\u00e9n estuvieron presentes el vicedecano del Colegio Odontol\u00f3gico del Per\u00fa-Regi\u00f3n Lima, Jaime Otero; el jefe Legal de la UNW, Walter Tapia; y el ejecutivo de convenios corporativos, Manuel Garc\u00eda.\"}]"],"hcf_thumb_500":[""],"hcf_thumb_1600":[""],"hcf_destacada":[""],"_edit_lock":["1750344814:4"],"_thumbnail_id":["4429"],"_edit_last":["4"],"rank_math_internal_links_processed":["1"]},"_links":{"self":[{"href":"https:\/\/posgrado.uwiener.edu.pe\/actividades\/wp-json\/wp\/v2\/posts\/4428"}],"collection":[{"href":"https:\/\/posgrado.uwiener.edu.pe\/actividades\/wp-json\/wp\/v2\/posts"}],"about":[{"href":"https:\/\/posgrado.uwiener.edu.pe\/actividades\/wp-json\/wp\/v2\/types\/post"}],"author":[{"embeddable":true,"href":"https:\/\/posgrado.uwiener.edu.pe\/actividades\/wp-json\/wp\/v2\/users\/4"}],"replies":[{"embeddable":true,"href":"https:\/\/posgrado.uwiener.edu.pe\/actividades\/wp-json\/wp\/v2\/comments?post=4428"}],"version-history":[{"count":1,"href":"https:\/\/posgrado.uwiener.edu.pe\/actividades\/wp-json\/wp\/v2\/posts\/4428\/revisions"}],"predecessor-version":[{"id":4432,"href":"https:\/\/posgrado.uwiener.edu.pe\/actividades\/wp-json\/wp\/v2\/posts\/4428\/revisions\/4432"}],"wp:featuredmedia":[{"embeddable":true,"href":"https:\/\/posgrado.uwiener.edu.pe\/actividades\/wp-json\/wp\/v2\/media\/4429"}],"wp:attachment":[{"href":"https:\/\/posgrado.uwiener.edu.pe\/actividades\/wp-json\/wp\/v2\/media?parent=4428"}],"wp:term":[{"taxonomy":"category","embeddable":true,"href":"https:\/\/posgrado.uwiener.edu.pe\/actividades\/wp-json\/wp\/v2\/categories?post=4428"},{"taxonomy":"post_tag","embeddable":true,"href":"https:\/\/posgrado.uwiener.edu.pe\/actividades\/wp-json\/wp\/v2\/tags?post=4428"}],"curies":[{"name":"wp","href":"https:\/\/api.w.org\/{rel}","templated":true}]}}