
{"id":5357,"date":"2026-07-21T11:05:36","date_gmt":"2026-07-21T16:05:36","guid":{"rendered":"https:\/\/posgrado.uwiener.edu.pe\/actividades\/?p=5357"},"modified":"2026-07-21T11:05:37","modified_gmt":"2026-07-21T16:05:37","slug":"especializaciones-y-habilidades-profesionales-indispensables","status":"publish","type":"post","link":"https:\/\/posgrado.uwiener.edu.pe\/actividades\/noticias\/ciencia-y-tecnologia\/especializaciones-y-habilidades-profesionales-indispensables\/","title":{"rendered":"Las especializaciones y habilidades profesionales indispensables para liderar el mercado laboral hacia 2030"},"content":{"rendered":"\n<p class=\"wp-block-paragraph\">La especializaci\u00f3n profesional se ha convertido en uno de los factores m\u00e1s importantes para sostener la empleabilidad profesional hacia 2030. Nos encontramos en un punto de quiebre donde los conocimientos tradicionales ya no son suficientes para sostener una carrera competitiva.&nbsp;<\/p>\n\n\n\n<p class=\"wp-block-paragraph\">Hacia el a\u00f1o 2030, el \u00e9xito no se medir\u00e1 \u00fanicamente por los t\u00edtulos acumulados, sino por la capacidad de integrar el avance tecnol\u00f3gico con un prop\u00f3sito estrictamente humano y resolutivo, seg\u00fan el <a href=\"https:\/\/es.weforum.org\/publications\/the-future-of-jobs-report-2025\/\" target=\"_blank\" rel=\"noopener\"><strong>Future of Jobs Report 2025 del World Economic Forum.<\/strong><\/a> En este escenario de cambio acelerado, la <strong>especializaci\u00f3n profesional<\/strong> estrat\u00e9gica es la clave definitiva para destacar.<\/p>\n\n\n\n<h2 class=\"wp-block-heading\"><strong>C\u00f3mo est\u00e1 cambiando el mercado laboral profesional hacia 2030<\/strong><\/h2>\n\n\n\n<p class=\"wp-block-paragraph\">La din\u00e1mica del empleo global experimenta una aceleraci\u00f3n sin precedentes debido a factores demogr\u00e1ficos, la automatizaci\u00f3n industrial y el surgimiento de nuevos modelos de negocio basados en plataformas digitales. El <strong>mercado laboral 2030<\/strong> ya no ser\u00e1 un espacio de trayectorias lineales o est\u00e1ticas.<\/p>\n\n\n\n<p class=\"wp-block-paragraph\">En esta transici\u00f3n, la tecnolog\u00eda asume la carga operativa y de procesamiento repetitivo, redefiniendo las funciones del especialista hacia el an\u00e1lisis estrat\u00e9gico, el diagn\u00f3stico y la toma de decisiones complejas. El entorno actual demanda una mentalidad de adaptabilidad constante, donde la experiencia previa no se desecha, sino que se utiliza como base para la evoluci\u00f3n continua.<\/p>\n\n\n\n<h2 class=\"wp-block-heading\"><strong>\u00bfCu\u00e1les son las habilidades que las empresas valorar\u00e1n hacia 2030?<\/strong><\/h2>\n\n\n\n<p class=\"wp-block-paragraph\">Las corporaciones de alto impacto han redefinido sus criterios de selecci\u00f3n, priorizando habilidades cognitivas, anal\u00edticas y adaptativas, una tendencia identificada tambi\u00e9n por la <a href=\"https:\/\/www.oecd.org\/en\/publications\/oecd-skills-outlook-2025_26163cd3-en.html\" target=\"_blank\" rel=\"noopener\"><strong>OECD Skills Outlook 2025.<\/strong><\/a><\/p>\n\n\n\n<p class=\"wp-block-paragraph\">Para asegurar la vigencia laboral, los profesionales de hoy deben priorizar el desarrollo de las siguientes <strong>habilidades profesionales<\/strong>:<\/p>\n\n\n\n<ul class=\"wp-block-list\">\n<li><strong>Pensamiento anal\u00edtico:<\/strong> Capacidad para extraer conclusiones estrat\u00e9gicas a partir de grandes vol\u00famenes de datos complejos.<\/li>\n\n\n\n<li><strong>Liderazgo con prop\u00f3sito:<\/strong> Gesti\u00f3n y gu\u00eda de equipos multidisciplinarios en entornos de alta incertidumbre, promoviendo la \u00e9tica y la resiliencia.<\/li>\n\n\n\n<li><strong>Toma de decisiones compleja:<\/strong> Evaluaci\u00f3n del impacto social, econ\u00f3mico y humano tras las recomendaciones sugeridas por sistemas inteligentes.<\/li>\n\n\n\n<li><strong>Resoluci\u00f3n de problemas con innovaci\u00f3n aplicada:<\/strong> Habilidad para dise\u00f1ar soluciones pr\u00e1cticas utilizando herramientas tecnol\u00f3gicas avanzadas.<\/li>\n<\/ul>\n\n\n\n<h2 class=\"wp-block-heading\"><strong>Especializaciones con mayor crecimiento en salud, gesti\u00f3n y tecnolog\u00eda<\/strong><\/h2>\n\n\n\n<p class=\"wp-block-paragraph\">La b\u00fasqueda de una <strong>especializaci\u00f3n laboral<\/strong> debe responder a las demandas reales y cr\u00edticas de la sociedad. Hacia el final de la d\u00e9cada, tres \u00e1reas concentran las mayores tasas de empleabilidad:<\/p>\n\n\n\n<ul class=\"wp-block-list\">\n<li><strong>Gesti\u00f3n y Servicios de Salud:<\/strong> La optimizaci\u00f3n de los sistemas sanitarios p\u00fablicos y privados ha elevado la demanda de especialistas en <strong>gesti\u00f3n en salud<\/strong>, <strong>salud p\u00fablica<\/strong> y <strong>gerencia de servicios de salud<\/strong>, orientados a una atenci\u00f3n eficiente y humanizada.<\/li>\n\n\n\n<li><strong>Seguridad y Salud Ocupacional:<\/strong> La <strong>salud ocupacional<\/strong> se consolida como un pilar corporativo estrat\u00e9gico, entendiendo que la productividad empresarial es indisoluble del bienestar integral del colaborador.<\/li>\n\n\n\n<li><strong>Maestr\u00eda en Gesti\u00f3n P\u00fablica:<\/strong> Una disciplina clave para la modernizaci\u00f3n del Estado, orientada a unir la transparencia administrativa con el uso estrat\u00e9gico del conocimiento t\u00e9cnico.<\/li>\n<\/ul>\n\n\n\n<h2 class=\"wp-block-heading\"><strong>El impacto de la Inteligencia Artificial y los datos en el trabajo<\/strong><\/h2>\n\n\n\n<p class=\"wp-block-paragraph\">La <strong>inteligencia artificial<\/strong> y los ecosistemas de <strong>big data<\/strong> est\u00e1n reconfigurando transversalmente sectores como los negocios, el derecho, la ingenier\u00eda y las ciencias de la salud. La <strong>transformaci\u00f3n digital<\/strong> ya no representa un proceso opcional, sino la base operativa sobre la cual se construyen los servicios modernos.&nbsp;<\/p>\n\n\n\n<p class=\"wp-block-paragraph\">Frente a este escenario, los profesionales que logran destacar son aquellos que dominan el ciclo de vida de los datos para la toma de decisiones. Especializaciones de alta demanda t\u00e9cnica incluyen:<\/p>\n\n\n\n<ul class=\"wp-block-list\">\n<li><strong>Ciencia y Gesti\u00f3n de Datos:<\/strong> El modelamiento predictivo, la inteligencia empresarial con herramientas avanzadas y el desarrollo de arquitecturas en la nube (<em>Cloud Computing<\/em>) para predecir tendencias comerciales o sanitarias.<\/li>\n\n\n\n<li><strong>Ciberseguridad y Gobernanza de la Informaci\u00f3n:<\/strong> El dise\u00f1o de soluciones de seguridad para proteger infraestructuras cr\u00edticas, bases de datos y la continuidad operativa empresarial ante riesgos digitales.<\/li>\n\n\n\n<li><strong>Negocios y Operaciones de Aprendizaje Autom\u00e1tico (MLOps):<\/strong> La integraci\u00f3n de modelos de Machine Learning y servicios inteligentes para optimizar la cadena de valor en organizaciones globales.<\/li>\n<\/ul>\n\n\n\n<h2 class=\"wp-block-heading\"><strong>\u00bfPor qu\u00e9 la actualizaci\u00f3n profesional es clave para la empleabilidad?<\/strong><\/h2>\n\n\n\n<p class=\"wp-block-paragraph\">En un entorno de transformaci\u00f3n constante, la actualizaci\u00f3n profesional dej\u00f3 de ser opcional para convertirse en una necesidad estrat\u00e9gica. <strong>En la actualidad, la formaci\u00f3n continua y la especializaci\u00f3n sistem\u00e1tica<\/strong> es el \u00fanico respaldo para mantener y elevar la <strong>empleabilidad profesional<\/strong> a lo largo del tiempo.<\/p>\n\n\n\n<p class=\"wp-block-paragraph\">Estudiar un posgrado, una maestr\u00eda o una segunda especialidad funciona como un acelerador de <strong>crecimiento profesional<\/strong> que permite al especialista dar un salto cualitativo, abriendo las puertas a mejores condiciones competitivas y dotando al profesional de la seguridad para asumir roles de alta consultor\u00eda y direcci\u00f3n.<\/p>\n\n\n\n<h2 class=\"wp-block-heading\"><strong>\u00bfPor qu\u00e9 elegir la Escuela de Posgrado de la Universidad Norbert Wiener?<\/strong><\/h2>\n\n\n\n<p class=\"wp-block-paragraph\">En la Escuela de Posgrado y de Segundas Especialidades de la Universidad Norbert Wiener entendemos que la actualizaci\u00f3n profesional y el aprendizaje continuo son claves para sostener el crecimiento profesional en un entorno laboral en constante transformaci\u00f3n. Nuestra propuesta acad\u00e9mica se inspira en el concepto de <a href=\"https:\/\/laformuladelavida.uwiener.edu.pe\/\" target=\"_blank\" rel=\"noopener\"><strong>\u201cLa F\u00f3rmula de la Vida\u201d<\/strong><\/a>, una visi\u00f3n donde la ciencia, la tecnolog\u00eda y el prop\u00f3sito humano se integran para formar l\u00edderes preparados para los desaf\u00edos del mercado laboral hacia 2030.<\/p>\n\n\n\n<p class=\"wp-block-paragraph\">Nuestra propuesta educativa marca la diferencia a trav\u00e9s de:<\/p>\n\n\n\n<ul class=\"wp-block-list\">\n<li><strong>Calidad global respaldada:<\/strong> Contamos con el reconocimiento internacional QS Stars, habiendo obtenido la m\u00e1xima calificaci\u00f3n de 5 estrellas en Ense\u00f1anza en L\u00ednea y Docencia, fortaleciendo una formaci\u00f3n profesional flexible, rigurosa y conectada con est\u00e1ndares internacionales.<\/li>\n\n\n\n<li><strong>Flexibilidad para profesionales en actividad:<\/strong> Nuestros programas de posgrado y especializaci\u00f3n est\u00e1n dise\u00f1ados para quienes buscan estudiar y trabajar al mismo tiempo, mediante modalidades adaptadas a distintas necesidades profesionales.<\/li>\n\n\n\n<li><strong>Perspectiva internacional y networking acad\u00e9mico:<\/strong> +200 relaciones internacionales activas permiten acceder a experiencias acad\u00e9micas globales, webinars especializados y espacios de intercambio con docentes y profesionales de trayectoria internacional.<\/li>\n\n\n\n<li><strong>Aprendizaje aplicado y simulaci\u00f3n estrat\u00e9gica:<\/strong> Incorporamos herramientas de simulaci\u00f3n avanzada como LABSAG y KIMEN, adem\u00e1s de metodolog\u00edas activas orientadas a fortalecer la toma de decisiones, el liderazgo y la resoluci\u00f3n de problemas en escenarios reales.<\/li>\n\n\n\n<li><strong>Formaci\u00f3n alineada a la transformaci\u00f3n laboral:<\/strong> Nuestros programas integran tendencias vinculadas a inteligencia artificial, transformaci\u00f3n digital, an\u00e1lisis de datos, gesti\u00f3n y especializaci\u00f3n en salud, conectando el aprendizaje con las habilidades profesionales m\u00e1s demandadas por las organizaciones.<\/li>\n<\/ul>\n\n\n\n<h3 class=\"wp-block-heading\"><strong>Da el siguiente paso en tu crecimiento profesional<\/strong><\/h3>\n\n\n\n<p class=\"wp-block-paragraph\">Prep\u00e1rate para liderar los desaf\u00edos del mercado laboral hacia 2030. Te invitamos a explorar la oferta de maestr\u00edas, segundas especialidades y <strong>programas de posgrado<\/strong> de la Universidad Norbert Wiener.<\/p>\n\n\n\n<p class=\"wp-block-paragraph\"><em>Universidad Norbert Wiener. Donde la vida se encuentra con la ciencia<\/em><\/p>\n\n\n\n<p class=\"wp-block-paragraph\"><strong>Fuentes consultadas<\/strong><\/p>\n\n\n\n<p class=\"wp-block-paragraph\"><strong>Foro Econ\u00f3mico Mundial. Informe sobre el Futuro del Empleo 2025<\/strong><\/p>\n\n\n\n<p class=\"wp-block-paragraph\"><a href=\"https:\/\/es.weforum.org\/publications\/the-future-of-jobs-report-2025\" target=\"_blank\" rel=\"noopener\">https:\/\/es.weforum.org\/publications\/the-future-of-jobs-report-2025<\/a><\/p>\n\n\n\n<p class=\"wp-block-paragraph\"><strong>OECD. OECD Skills Outlook 2025: Building the Skills of the 21st Century for All<\/strong><\/p>\n\n\n\n<p class=\"wp-block-paragraph\"><a href=\"https:\/\/www.oecd.org\/en\/publications\/oecd-skills-outlook-2025_26163cd3-en.html\" target=\"_blank\" rel=\"noopener\">https:\/\/www.oecd.org\/en\/publications\/oecd-skills-outlook-2025_26163cd3-en.html<\/a><\/p>\n\n\n\n<p class=\"wp-block-paragraph\"><strong>OECD. Future of Work<\/strong><\/p>\n\n\n\n<p class=\"wp-block-paragraph\"><a href=\"https:\/\/www.oecd-ilibrary.org\/en\/topics\/future-of-work.html.\" target=\"_blank\" rel=\"noopener\">https:\/\/www.oecd-ilibrary.org\/en\/topics\/future-of-work.html.<\/a><\/p>\n","protected":false},"excerpt":{"rendered":"<p>La especializaci\u00f3n profesional se ha convertido en uno de los factores m\u00e1s importantes para sostener la empleabilidad profesional hacia 2030. Nos encontramos en un punto de quiebre donde los conocimientos tradicionales ya no son suficientes para sostener una carrera competitiva.&nbsp; Hacia el a\u00f1o 2030, el \u00e9xito no se medir\u00e1 \u00fanicamente por los t\u00edtulos acumulados, sino [&hellip;]<\/p>\n","protected":false},"author":4,"featured_media":5358,"comment_status":"closed","ping_status":"open","sticky":false,"template":"","format":"standard","meta":{"footnotes":""},"categories":[28],"tags":[],"class_list":["post-5357","post","type-post","status-publish","format-standard","has-post-thumbnail","hentry","category-ciencia-y-tecnologia"],"custom_fields_data":{"inline_featured_image":["0"],"hcf_post_fecha":[""],"hcf_post_timeI":[""],"hcf_post_timeF":[""],"hcf_post_lugar":[""],"hcf_post_ingreso":[""],"hcf_post_recomendados":[""],"hcf_post_anexos":[""],"hcf_post_email":[""],"hcf_post_url_face":[""],"hcf_fecha_blog":["2026-07-21"],"hcf_destacado_blog":[""],"hcf_imagenes":["[{\"image\":\"https:\/\/posgrado.uwiener.edu.pe\/actividades\/wp-content\/uploads\/2026\/07\/profesional-stem.webp\",\"leyenda\":\"\"}]"],"hcf_thumb_500":[""],"hcf_thumb_1600":[""],"hcf_destacada":[""],"_edit_lock":["1784650019:4"],"rank_math_internal_links_processed":["1"],"rank_math_primary_category":["28"],"rank_math_seo_score":["13"],"_thumbnail_id":["5358"],"footnotes":[""],"_edit_last":["4"]},"_links":{"self":[{"href":"https:\/\/posgrado.uwiener.edu.pe\/actividades\/wp-json\/wp\/v2\/posts\/5357","targetHints":{"allow":["GET"]}}],"collection":[{"href":"https:\/\/posgrado.uwiener.edu.pe\/actividades\/wp-json\/wp\/v2\/posts"}],"about":[{"href":"https:\/\/posgrado.uwiener.edu.pe\/actividades\/wp-json\/wp\/v2\/types\/post"}],"author":[{"embeddable":true,"href":"https:\/\/posgrado.uwiener.edu.pe\/actividades\/wp-json\/wp\/v2\/users\/4"}],"replies":[{"embeddable":true,"href":"https:\/\/posgrado.uwiener.edu.pe\/actividades\/wp-json\/wp\/v2\/comments?post=5357"}],"version-history":[{"count":1,"href":"https:\/\/posgrado.uwiener.edu.pe\/actividades\/wp-json\/wp\/v2\/posts\/5357\/revisions"}],"predecessor-version":[{"id":5360,"href":"https:\/\/posgrado.uwiener.edu.pe\/actividades\/wp-json\/wp\/v2\/posts\/5357\/revisions\/5360"}],"wp:featuredmedia":[{"embeddable":true,"href":"https:\/\/posgrado.uwiener.edu.pe\/actividades\/wp-json\/wp\/v2\/media\/5358"}],"wp:attachment":[{"href":"https:\/\/posgrado.uwiener.edu.pe\/actividades\/wp-json\/wp\/v2\/media?parent=5357"}],"wp:term":[{"taxonomy":"category","embeddable":true,"href":"https:\/\/posgrado.uwiener.edu.pe\/actividades\/wp-json\/wp\/v2\/categories?post=5357"},{"taxonomy":"post_tag","embeddable":true,"href":"https:\/\/posgrado.uwiener.edu.pe\/actividades\/wp-json\/wp\/v2\/tags?post=5357"}],"curies":[{"name":"wp","href":"https:\/\/api.w.org\/{rel}","templated":true}]}}